{"id":17327,"date":"2019-07-08T17:29:31","date_gmt":"2019-07-08T17:29:31","guid":{"rendered":"https:\/\/muzykabeztajemnic.info.pl\/?p=17327"},"modified":"2019-07-08T17:29:36","modified_gmt":"2019-07-08T17:29:36","slug":"premiera-echem-zostawimy-slad-kolejny-singiel-i-teledysk-z-plyty-droga-patrycji-i-grzegorza-markowskich","status":"publish","type":"post","link":"http:\/\/muzykabeztajemnic.info.pl\/?p=17327","title":{"rendered":"PREMIERA: \u201eECHEM ZOSTAWIMY \u015aLAD\u201d \u2013 KOLEJNY SINGIEL I TELEDYSK Z P\u0141YTY \u201eDROGA\u201d PATRYCJI I GRZEGORZA MARKOWSKICH!"},"content":{"rendered":"\n<figure class=\"wp-block-embed-youtube wp-block-embed is-type-video is-provider-youtube wp-embed-aspect-16-9 wp-has-aspect-ratio\"><div class=\"wp-block-embed__wrapper\">\n<iframe loading=\"lazy\" title=\"Patrycja Markowska i Grzegorz Markowski - Echem zostawimy \u015blad\" width=\"800\" height=\"450\" src=\"https:\/\/www.youtube.com\/embed\/h5sk2lWhPMI?feature=oembed\" frameborder=\"0\" allow=\"accelerometer; autoplay; clipboard-write; encrypted-media; gyroscope; picture-in-picture; web-share\" referrerpolicy=\"strict-origin-when-cross-origin\" allowfullscreen><\/iframe>\n<\/div><\/figure>\n\n\n\n<p><strong>Tak o piosence m\u00f3wi Patrycja Markowska:\n<\/strong>\u201eEchem zostawimy \u015blad\u201d tojeden z moich ulubionych numer\u00f3w. Pami\u0119tam jak Janusz Weiss, \nredaktor naczelny &gt;Teraz Rocka&lt;, powiedzia\u0142, \u017ce to jego faworyt na\n p\u0142ycie. Mam totaln\u0105 s\u0142abo\u015b\u0107 do tej piosenki. Czasami zastanawiamy si\u0119 \nco po sobie zostawimy, kiedy ju\u017c nas nie b\u0119dzie. Pami\u0119tam\n jak ten tekst powstawa\u0142, by\u0142am naprawd\u0119 poruszona. Lubi\u0119 takie \nenergiczne numery, i my\u015bl\u0119, \u017ce jest to estetyka, w kt\u00f3rej \u015bpiewamy z \ntat\u0105 pierwszy raz.\u201d<\/p>\n\n\n\n<p>Re\u017cyseria, monta\u017c: MUSICART \/ Tomek Ka\u017amierczak\n<\/p>\n\n\n\n<p>Zdj\u0119cia: Tomek Ka\u017amierczak \/ Rafa\u0142 Kukla<\/p>\n\n\n\n<p>Muzyka i s\u0142owa: Maciej Wasio<\/p>\n\n\n\n<p>Wokal: Patrycja Markowska<\/p>\n\n\n\n<p>Wokal: Grzegorz Markowski\n<\/p>\n\n\n\n<p>Ch\u00f3rki, gitary akustyczne: Maciej Wasio<\/p>\n\n\n\n<p>Gitary elektryczne: Piotr &#8222;Rubens&#8221; Rubik\n<\/p>\n\n\n\n<p>Bas: Piotr \u201eQuentin\u201d Wojtanowski\n<\/p>\n\n\n\n<p>Perkusja: Rados\u0142aw Owczarz<\/p>\n\n\n\n<p>Realizacja nagrania: Maciej Wasio<\/p>\n\n\n\n<p>Nagra\u0144 dokonano w Nebula Studio w Warszawie &#8211; Maciej Karbowski<\/p>\n\n\n\n<p>Produkcja muzyczna: Maciej Wasio,\n<\/p>\n\n\n\n<p>Dyrektor artystyczny: Dariusz Kozakiewicz<\/p>\n\n\n\n<p>Mix i mastering: Marcin Bors<\/p>\n\n\n\n<p>Producent: Perfect Management Agnieszka Jaworska<\/p>\n\n\n\n<p>Wydawca i Dystrybutor: Wydawnictwo Agora<\/p>\n\n\n\n<p>Zdj\u0119cia zrealizowano na koncercie w Atlas Arenie w \u0141odzi 13.04.2019 roku wyprodukowanym przez DM Agency i Perfect Management.<\/p>\n\n\n\n<p><strong>P\u0142yta w serwisach streamingowych:<\/strong>\n<a href=\"http:\/\/smarturl.it\/MarkowscyDrogaAlbum\">http:\/\/smarturl.it\/MarkowscyDrogaAlbum<\/a><br><\/p>\n\n\n\n<p><strong>P\u0142yta do kupienia na CD:<\/strong>\n<a href=\"https:\/\/kulturalnysklep.pl\/muzyka\/droga-droga\">https:\/\/kulturalnysklep.pl\/muzyka\/droga-droga<\/a><br><\/p>\n\n\n\n<p><strong>P\u0142yta do kupienia na winylu:<\/strong>\n<a href=\"https:\/\/kulturalnysklep.pl\/muzyka\/droga-drogawin\">https:\/\/kulturalnysklep.pl\/muzyka\/droga-drogawin<\/a><\/p>\n","protected":false},"excerpt":{"rendered":"<p>Tak o piosence m\u00f3wi Patrycja Markowska: \u201eEchem zostawimy \u015blad\u201d tojeden z moich ulubionych numer\u00f3w. Pami\u0119tam jak Janusz Weiss, redaktor naczelny &gt;Teraz Rocka&lt;, powiedzia\u0142, \u017ce to jego faworyt na p\u0142ycie. Mam totaln\u0105 s\u0142abo\u015b\u0107 do tej piosenki. Czasami zastanawiamy si\u0119 co po sobie zostawimy, kiedy ju\u017c nas nie b\u0119dzie. Pami\u0119tam jak ten tekst powstawa\u0142, by\u0142am naprawd\u0119 poruszona. [&hellip;]<\/p>\n","protected":false},"author":1,"featured_media":0,"comment_status":"closed","ping_status":"open","sticky":false,"template":"","format":"standard","meta":{"jetpack_post_was_ever_published":false,"_jetpack_newsletter_access":"","_jetpack_dont_email_post_to_subs":false,"_jetpack_newsletter_tier_id":0,"_jetpack_memberships_contains_paywalled_content":false,"_jetpack_memberships_contains_paid_content":false,"footnotes":"","jetpack_publicize_message":"","jetpack_publicize_feature_enabled":true,"jetpack_social_post_already_shared":true,"jetpack_social_options":{"image_generator_settings":{"template":"highway","default_image_id":0,"enabled":false},"version":2}},"categories":[1],"tags":[],"class_list":["post-17327","post","type-post","status-publish","format-standard","hentry","category-uncategorized"],"jetpack_publicize_connections":[],"jetpack_featured_media_url":"","jetpack_sharing_enabled":true,"jetpack_shortlink":"https:\/\/wp.me\/p67auQ-4vt","_links":{"self":[{"href":"http:\/\/muzykabeztajemnic.info.pl\/index.php?rest_route=\/wp\/v2\/posts\/17327","targetHints":{"allow":["GET"]}}],"collection":[{"href":"http:\/\/muzykabeztajemnic.info.pl\/index.php?rest_route=\/wp\/v2\/posts"}],"about":[{"href":"http:\/\/muzykabeztajemnic.info.pl\/index.php?rest_route=\/wp\/v2\/types\/post"}],"author":[{"embeddable":true,"href":"http:\/\/muzykabeztajemnic.info.pl\/index.php?rest_route=\/wp\/v2\/users\/1"}],"replies":[{"embeddable":true,"href":"http:\/\/muzykabeztajemnic.info.pl\/index.php?rest_route=%2Fwp%2Fv2%2Fcomments&post=17327"}],"version-history":[{"count":0,"href":"http:\/\/muzykabeztajemnic.info.pl\/index.php?rest_route=\/wp\/v2\/posts\/17327\/revisions"}],"wp:attachment":[{"href":"http:\/\/muzykabeztajemnic.info.pl\/index.php?rest_route=%2Fwp%2Fv2%2Fmedia&parent=17327"}],"wp:term":[{"taxonomy":"category","embeddable":true,"href":"http:\/\/muzykabeztajemnic.info.pl\/index.php?rest_route=%2Fwp%2Fv2%2Fcategories&post=17327"},{"taxonomy":"post_tag","embeddable":true,"href":"http:\/\/muzykabeztajemnic.info.pl\/index.php?rest_route=%2Fwp%2Fv2%2Ftags&post=17327"}],"curies":[{"name":"wp","href":"https:\/\/api.w.org\/{rel}","templated":true}]}}