{"id":17320,"date":"2019-07-06T15:58:37","date_gmt":"2019-07-06T15:58:37","guid":{"rendered":"https:\/\/muzykabeztajemnic.info.pl\/?p=17320"},"modified":"2019-07-06T15:58:40","modified_gmt":"2019-07-06T15:58:40","slug":"jason-derulo-powraca-z-nowym-tanecznym-hitem-mamacita-feat-farruko-%f0%9f%94%a5%f0%9f%94%a5%f0%9f%94%a5","status":"publish","type":"post","link":"http:\/\/muzykabeztajemnic.info.pl\/?p=17320","title":{"rendered":"Jason Derulo powraca z nowym tanecznym hitem &#8222;Mamacita&#8221; (feat. Farruko)!  \ud83d\udd25\ud83d\udd25\ud83d\udd25"},"content":{"rendered":"\n<figure class=\"wp-block-image\"><img loading=\"lazy\" decoding=\"async\" width=\"800\" height=\"800\" src=\"https:\/\/muzykabeztajemnic.info.pl\/wp-content\/uploads\/2019\/07\/e4eaa414-0639-4807-b846-3c7a43e4f809.jpg\" alt=\"\" class=\"wp-image-17321\" srcset=\"http:\/\/muzykabeztajemnic.info.pl\/wp-content\/uploads\/2019\/07\/e4eaa414-0639-4807-b846-3c7a43e4f809.jpg 800w, http:\/\/muzykabeztajemnic.info.pl\/wp-content\/uploads\/2019\/07\/e4eaa414-0639-4807-b846-3c7a43e4f809-150x150.jpg 150w, http:\/\/muzykabeztajemnic.info.pl\/wp-content\/uploads\/2019\/07\/e4eaa414-0639-4807-b846-3c7a43e4f809-500x500.jpg 500w, http:\/\/muzykabeztajemnic.info.pl\/wp-content\/uploads\/2019\/07\/e4eaa414-0639-4807-b846-3c7a43e4f809-768x768.jpg 768w\" sizes=\"auto, (max-width: 800px) 100vw, 800px\" \/><\/figure>\n\n\n\n<p>Multiplatynowy artysta <strong>Jason Derulo<\/strong>\u00a0wyda\u0142 w\u0142a\u015bnie nowy singiel &#8222;<strong>Mamacita<\/strong>&#8222;, kt\u00f3ry nagra\u0142 z portoryka\u0144skim raperem, wokalist\u0105 i autorem tekst\u00f3w &#8211; <strong>Farruko<\/strong>.<\/p>\n\n\n\n<p><a rel=\"noreferrer noopener\" href=\"https:\/\/warnermusic.us11.list-manage.com\/track\/click?u=5707ca9200ef714154dda6f30&amp;id=2a22071574&amp;e=f72eb1638a\" target=\"_blank\">POS\u0141UCHAJ SINGLA &#8222;MAMACITA&#8221; <\/a><\/p>\n\n\n\n<p><strong>Jason Derulo<\/strong> szykuje si\u0119 obecnie do serii festiwalowych wyst\u0119p\u00f3w po Europie, by po wakacjach wr\u00f3ci\u0107 z koncertami do USA. Przypomnijmy, i\u017c <strong>Jason <\/strong>wyst\u0105pi\u0142 w <strong>Polsce <\/strong>30 pa\u017adziernika 2018 roku na <strong>warszawskim Torwarze<\/strong>, gdzie przywita\u0142y go t\u0142umy ta\u0144cz\u0105cych fan\u00f3w!<br><br> Co wi\u0119cej, wokalista niedawno do\u0142\u0105czy\u0142 do obsady filmowej adaptacji s\u0142ynnego musicalu &#8222;<strong>Koty<\/strong>&#8221; (&#8222;Cats&#8221;), gdzie zagra u boku <strong>Jennifer Hudson, Idrisa Elby, Taylor Swift, Iana McKellena, Judi Dench, Rebel Wilson i Jamesa Cordena. <\/strong>Premiera planowa jest na <strong>20 grudnia!<\/strong><br><br> Wkr\u00f3tce uka\u017ce si\u0119 klip do\u00a0nowego singla &#8222;<strong>Mamacita<\/strong>&#8222;, kt\u00f3ry wyre\u017cyserowa\u0142 sam <strong>Jason<\/strong>, a pojawiaj\u0105 si\u0119 w nim <strong>Farruko <\/strong>oraz<strong> Emma Slater<\/strong> &#8211; gwiazda programu &#8222;<strong>Dancing with the Stars<\/strong>&#8221; (ameryka\u0144skiego <strong>&#8222;Ta\u0144ca z Gwiazdami&#8221;<\/strong>). Zanim ujrzymy ten widowiskowy\u00a0teledysk mo\u017cemy zobaczy\u0107 Jasona w r\u00f3wnie tanecznym lyric video.<\/p>\n\n\n\n<figure class=\"wp-block-embed-youtube wp-block-embed is-type-video is-provider-youtube wp-embed-aspect-16-9 wp-has-aspect-ratio\"><div class=\"wp-block-embed__wrapper\">\n<iframe loading=\"lazy\" title=\"Jason Derulo - Mamacita (feat. Farruko) [OFFICIAL LYRICS VIDEO]\" width=\"800\" height=\"450\" src=\"https:\/\/www.youtube.com\/embed\/CPcP-81klQc?feature=oembed\" frameborder=\"0\" allow=\"accelerometer; autoplay; clipboard-write; encrypted-media; gyroscope; picture-in-picture; web-share\" referrerpolicy=\"strict-origin-when-cross-origin\" allowfullscreen><\/iframe>\n<\/div><\/figure>\n\n\n\n<p><strong>Jason Derulo<\/strong> ma na koncie <strong>130 milion\u00f3w sprzedanych p\u0142yt, <\/strong>b\u0119d\u0105c tym samym jednym z <strong>najwi\u0119kszych wsp\u00f3\u0142czesnych wokalist\u00f3w, autor\u00f3w piosnek i gwiazdor\u00f3w popkultury. <\/strong>Jego ostatnia piosenka &#8211; &#8222;<a rel=\"noreferrer noopener\" href=\"https:\/\/warnermusic.us11.list-manage.com\/track\/click?u=5707ca9200ef714154dda6f30&amp;id=4411dd5071&amp;e=f72eb1638a\" target=\"_blank\"><strong>Goodbye<\/strong><\/a>&#8222;, nagrana z<strong> <a rel=\"noreferrer noopener\" href=\"https:\/\/warnermusic.us11.list-manage.com\/track\/click?u=5707ca9200ef714154dda6f30&amp;id=b144a5a032&amp;e=f72eb1638a\" target=\"_blank\">Davidem Guett\u0105, Nicki Minaj i Willym Williamem<\/a> <\/strong>&#8211; tylko na Spotifyu ma <strong>173 miliony odtworze\u0144!\u00a0<\/strong><\/p>\n\n\n\n<p>&nbsp;Prze\u0142omowy singel Derulo, &#8222;<strong>Whatcha Say<\/strong>&#8222;<strong>, pi\u0119ciokrotnie pokry\u0142 si\u0119 platyn\u0105,<\/strong> numery <strong>&#8222;Talk Dirty&#8221;, &#8222;Want To Want Me&#8221; i &#8222;Ridin&#8217; Solo&#8221;<\/strong> (feat. 2 Chainz) zdoby\u0142y status <strong>poczw\u00f3rnej platyny<\/strong>, a &#8222;<strong>Wiggle<\/strong>&#8221; z udzia\u0142em <strong>Snoop Dogga<\/strong>&nbsp;to <strong>potr\u00f3jna platyna.<\/strong>\n Jason ma te\u017c w dorobku podw\u00f3jnie platynowe utwory &#8211; &#8222;Trumpets&#8221; i &#8222;In My\n Head&#8221;. &nbsp;Ponadto &#8222;Marry Me&#8221;, &#8222;The Other Side&#8221;, &#8222;It Girl&#8221;, &#8222;Get Ugly&#8221; i \n&#8222;Don&#8217;t Wanna Go Home&#8221; to single, kt\u00f3rych sprzeda\u017c zapewni\u0142a platynowy \nstatus. Warto te\u017c doda\u0107, \u017ce utw\u00f3r &#8222;<strong>Colors<\/strong>&#8222;, kt\u00f3ry by\u0142 piosenk\u0105&nbsp;Coca-Coli&nbsp;towarzysz\u0105c\u0105 Mistrzostwom \u015awiata w pi\u0142ce no\u017cnej w 2018 roku, doczeka\u0142 si\u0119 <strong>221 milion\u00f3w<\/strong> ods\u0142uch\u00f3w na platformach streamingowych.&nbsp;<br><br>\n\u0141\u0105cznie piosenki <strong>Jasona Derulo<\/strong> maj\u0105 ponad <strong>15 miliard\u00f3w stream\u00f3w,<\/strong> a klipy <strong>5,7 miliarda ods\u0142on na YouTube<\/strong>. W <strong>radiu <\/strong>jego piosenki dotar\u0142y do ponad <strong>22 miliard\u00f3w s\u0142uchaczy<\/strong>\n za spraw\u0105 ponad 4,4 miliard\u00f3w prezentacji. Jason go\u015bci\u0142 te\u017c w telewizji\n &#8211; wykona\u0142 temat przewodni w programie &#8222;Monday Night Football&#8221;, a jako \ninwestor wsp\u00f3\u0142tworzy\u0142 takie przedsi\u0119wzi\u0119cia jak &#8222;Catch L.A.&#8221; oraz \n&#8222;Rumble Boxing&#8221; z Sylvestrem Stallone&#8217;em i Ashtonem Kutcherem. Gdyby \ntego by\u0142o ma\u0142o, we wsp\u00f3\u0142pracy z Warner Chappell Music, powo\u0142a\u0142 do \u017cycia \nswoj\u0105 firm\u0119 wydawnicz\u0105 &#8211; Future History.&nbsp;<\/p>\n","protected":false},"excerpt":{"rendered":"<p>Multiplatynowy artysta Jason Derulo\u00a0wyda\u0142 w\u0142a\u015bnie nowy singiel &#8222;Mamacita&#8222;, kt\u00f3ry nagra\u0142 z portoryka\u0144skim raperem, wokalist\u0105 i autorem tekst\u00f3w &#8211; Farruko. POS\u0141UCHAJ SINGLA &#8222;MAMACITA&#8221; Jason Derulo szykuje si\u0119 obecnie do serii festiwalowych wyst\u0119p\u00f3w po Europie, by po wakacjach wr\u00f3ci\u0107 z koncertami do USA. Przypomnijmy, i\u017c Jason wyst\u0105pi\u0142 w Polsce 30 pa\u017adziernika 2018 roku na warszawskim Torwarze, gdzie [&hellip;]<\/p>\n","protected":false},"author":1,"featured_media":17321,"comment_status":"closed","ping_status":"open","sticky":false,"template":"","format":"standard","meta":{"jetpack_post_was_ever_published":false,"_jetpack_newsletter_access":"","_jetpack_dont_email_post_to_subs":false,"_jetpack_newsletter_tier_id":0,"_jetpack_memberships_contains_paywalled_content":false,"_jetpack_memberships_contains_paid_content":false,"footnotes":"","jetpack_publicize_message":"","jetpack_publicize_feature_enabled":true,"jetpack_social_post_already_shared":true,"jetpack_social_options":{"image_generator_settings":{"template":"highway","default_image_id":0,"enabled":false},"version":2}},"categories":[1],"tags":[],"class_list":["post-17320","post","type-post","status-publish","format-standard","has-post-thumbnail","hentry","category-uncategorized"],"jetpack_publicize_connections":[],"jetpack_featured_media_url":"http:\/\/muzykabeztajemnic.info.pl\/wp-content\/uploads\/2019\/07\/e4eaa414-0639-4807-b846-3c7a43e4f809.jpg","jetpack_sharing_enabled":true,"jetpack_shortlink":"https:\/\/wp.me\/p67auQ-4vm","_links":{"self":[{"href":"http:\/\/muzykabeztajemnic.info.pl\/index.php?rest_route=\/wp\/v2\/posts\/17320","targetHints":{"allow":["GET"]}}],"collection":[{"href":"http:\/\/muzykabeztajemnic.info.pl\/index.php?rest_route=\/wp\/v2\/posts"}],"about":[{"href":"http:\/\/muzykabeztajemnic.info.pl\/index.php?rest_route=\/wp\/v2\/types\/post"}],"author":[{"embeddable":true,"href":"http:\/\/muzykabeztajemnic.info.pl\/index.php?rest_route=\/wp\/v2\/users\/1"}],"replies":[{"embeddable":true,"href":"http:\/\/muzykabeztajemnic.info.pl\/index.php?rest_route=%2Fwp%2Fv2%2Fcomments&post=17320"}],"version-history":[{"count":0,"href":"http:\/\/muzykabeztajemnic.info.pl\/index.php?rest_route=\/wp\/v2\/posts\/17320\/revisions"}],"wp:featuredmedia":[{"embeddable":true,"href":"http:\/\/muzykabeztajemnic.info.pl\/index.php?rest_route=\/wp\/v2\/media\/17321"}],"wp:attachment":[{"href":"http:\/\/muzykabeztajemnic.info.pl\/index.php?rest_route=%2Fwp%2Fv2%2Fmedia&parent=17320"}],"wp:term":[{"taxonomy":"category","embeddable":true,"href":"http:\/\/muzykabeztajemnic.info.pl\/index.php?rest_route=%2Fwp%2Fv2%2Fcategories&post=17320"},{"taxonomy":"post_tag","embeddable":true,"href":"http:\/\/muzykabeztajemnic.info.pl\/index.php?rest_route=%2Fwp%2Fv2%2Ftags&post=17320"}],"curies":[{"name":"wp","href":"https:\/\/api.w.org\/{rel}","templated":true}]}}