{"id":17315,"date":"2019-07-04T09:43:16","date_gmt":"2019-07-04T09:43:16","guid":{"rendered":"https:\/\/muzykabeztajemnic.info.pl\/?p=17315"},"modified":"2019-07-04T09:43:21","modified_gmt":"2019-07-04T09:43:21","slug":"muzyczny-niezbednik-lata-premiera-plyty-lato-z-radiem-festiwal-2019","status":"publish","type":"post","link":"http:\/\/muzykabeztajemnic.info.pl\/?p=17315","title":{"rendered":"MUZYCZNY NIEZB\u0118DNIK LATA &#8211; PREMIERA P\u0141YTY \u201eLATO Z RADIEM FESTIWAL 2019\u201d"},"content":{"rendered":"\n<figure class=\"wp-block-image\"><img loading=\"lazy\" decoding=\"async\" width=\"800\" height=\"800\" src=\"https:\/\/muzykabeztajemnic.info.pl\/wp-content\/uploads\/2019\/06\/ok\u0142adka-p\u0142yty-Lato-z-radiem-Festiwal-2019-800x800.jpg\" alt=\"\" class=\"wp-image-17236\" srcset=\"http:\/\/muzykabeztajemnic.info.pl\/wp-content\/uploads\/2019\/06\/ok\u0142adka-p\u0142yty-Lato-z-radiem-Festiwal-2019-800x800.jpg 800w, http:\/\/muzykabeztajemnic.info.pl\/wp-content\/uploads\/2019\/06\/ok\u0142adka-p\u0142yty-Lato-z-radiem-Festiwal-2019-150x150.jpg 150w, http:\/\/muzykabeztajemnic.info.pl\/wp-content\/uploads\/2019\/06\/ok\u0142adka-p\u0142yty-Lato-z-radiem-Festiwal-2019-500x500.jpg 500w, http:\/\/muzykabeztajemnic.info.pl\/wp-content\/uploads\/2019\/06\/ok\u0142adka-p\u0142yty-Lato-z-radiem-Festiwal-2019-768x768.jpg 768w, http:\/\/muzykabeztajemnic.info.pl\/wp-content\/uploads\/2019\/06\/ok\u0142adka-p\u0142yty-Lato-z-radiem-Festiwal-2019.jpg 900w\" sizes=\"auto, (max-width: 800px) 100vw, 800px\" \/><\/figure>\n\n\n\n<p><strong>Krzysztof Zalewski, Daria Zawia\u0142ow, Brodka, Kortez, Smolik, Nosowska, S\u0142awek Uniatowski, Perfect i wielu innych artyst\u00f3w b\u0119dzie mo\u017cna pos\u0142ucha\u0107 na p\u0142ycie \u201eLato z radiem Festiwal\n 2019\u201d, kt\u00f3ra uka\u017ce si\u0119 w sprzeda\u017cy 5 lipca. Album to muzyczna esencja rozpocz\u0119tego 28 czerwca w Zakopanem festiwalu \u201eLata z Radiem\u201d. Na p\u0142yt\u0119 sk\u0142adaj\u0105 si\u0119 utwory artyst\u00f3w, kt\u00f3rzy zagraj\u0105 na najwi\u0119kszym wydarzeniu muzycznym Polskiego Radia. Album b\u0119dzie mo\u017cna\n kupi\u0107 w sklepach muzycznych, na&nbsp;stronie sklep.polskieradio.pl oraz w czasie kolejnych koncert\u00f3w w Pucku, Stalowej Woli i&nbsp;Krakowie.<\/strong><\/p>\n\n\n\n<p>\nTegoroczny\n<strong>festiwal \u201eLata z Radiem\u201d<\/strong> rozpocz\u0105\u0142 si\u0119 <strong>28-29 czerwca w Zakopanem<\/strong> i przyci\u0105gn\u0105\u0142 t\u0142umy fan\u00f3w ambitnej muzyki. Wyst\u0105pili KAYAH, Krzysztof Zalewski, S\u0142awek Uniatowski, W\u0142odek Pawlik, Chopin University Big Band, Hanka Rybka, Kapela ze Wsi Warszawa,\n Warszawskie Combo Taneczne. To w\u0142a\u015bnie w stolicy Tatr mo\u017cna by\u0142o przedpremierowo naby\u0107 fonograficzn\u0105 wizyt\u00f3wk\u0119 festiwalu \u2013 p\u0142yt\u0119 \u201eLato z radiem Festiwal 2019\u201d, kt\u00f3ra cieszy\u0142a si\u0119 ogromnym zainteresowaniem.<\/p>\n\n\n\n<p>\n\u2013\n<em>To p\u0142yta wa\u017cna, przebojowa, znale\u017ali si\u0119 na niej arty\u015bci niebanalni, kt\u00f3rzy ca\u0142y czas nas zaskakuj\u0105, wci\u0105\u017c maj\u0105 co\u015b do powiedzenia, a nade wszystko pisz\u0105 fantastyczn\u0105 muzyk\u0119. Na \u017cywo b\u0119dzie mo\u017cna ich pos\u0142ucha\u0107 w czasie festiwalowych koncert\u00f3w<\/em> \u2013 m\u00f3wi\n<strong>Marcin Kusy, szef muzyczny radiowej Jedynki<\/strong>, kt\u00f3ry odpowiada za wyb\u00f3r utwor\u00f3w na p\u0142yt\u0119. \u2013\n<em>Na program Festiwalu \u201eLata z Radiem\u201d wp\u0142yw maj\u0105 wszystkie anteny Polskiego Radia i na tej p\u0142ycie to s\u0142ycha\u0107<\/em> \u2013 dodaje.<\/p>\n\n\n\n<p>\nAlbum \u201eLato z radiem Festiwal 2019\u201d to muzyczna wizyt\u00f3wka festiwalu oraz artystycznej jako\u015bci anten Polskiego Radia. Od muzyki korzeni po alternatywny pop, od rocka po jazz i muzyk\u0119\n klasyczn\u0105 oraz filmow\u0105. Festiwal to koncertowe premiery, zaskakuj\u0105ce artystyczne spotkania, ale r\u00f3wnie\u017c mn\u00f3stwo muzycznych wspomnie\u0144 i wzrusze\u0144. Nie zabraknie ich w czasie kolejnych festiwalowych dni, kiedy wyst\u0105pi\u0105 jeszcze m.in.<strong> Daria Zawia\u0142ow, Perfect,\n Kortez, Nosowska, Smolik, Barbara Wro\u0144ska, Kapela ze Wsi Warszawa, Julia Pietrucha, Muniek Staszczyk, Skubas, S\u0142awek Uniatowski i Chopin Univeristy Big Band pod dyrekcj\u0105 Piotra Kostrzewy<\/strong>.\n<\/p>\n\n\n\n<p>\nJednym z utwor\u00f3w na albumie jest\n<strong>\u201eLudzie niepowszedni\u201d zespo\u0142u Perfect<\/strong>, kt\u00f3ry pochodzi z p\u0142yty \u201eMuzyka\u201d wydanej przez Agencj\u0119 Muzyczn\u0105 Polskiego Radia.\n<\/p>\n\n\n\n<p>\n\u2013\n<em>Piosenka &#8222;Ludzie niepowszedni&#8221; to moja kompozycja, do kt\u00f3rej tekst napisa\u0142 Jacek Cygan. Jest ona dla nas utworem wyj\u0105tkowym i specjalnym. Ze wzgl\u0119du na instrumenty wykorzystane w nagraniu rzadko wykonujemy j\u0105 na koncertach plenerowych. Jacek napisa\u0142 tekst\n dedykuj\u0105c go zmar\u0142ej Marii Czubaszek, a na saksofonie solo nagra\u0142 z nami nasz przyjaciel Henryk Mi\u015bkiewicz<\/em> &#8211;\n<strong>opowiada Darek Kozakiewicz z zespo\u0142u Perfect.<\/strong> \u2013 <em>Mamy sentyment do tras \u201eLata z Radiem\u201d i zw\u0142aszcza do od lat niezmiennej \u201ePolki Dziadek\u201d. Do zobaczenia na koncercie \u201eLato z radiem Festiwal 2019\u201d w Stalowej Woli\n<\/em>\u2013 dodaje. &nbsp;<\/p>\n\n\n\n<p>\n<strong>Track lista p\u0142yty \u201eLato z radiem Festiwal 2019\u201c (Wydawca: Agencja Muzyczna Polskiego Radia):<\/strong><\/p>\n\n\n\n<p>\n1.&nbsp;&nbsp;&nbsp;&nbsp;&nbsp;&nbsp;&nbsp;&nbsp;&nbsp;&nbsp;&nbsp; Polka Dziadek- Sygna\u0142 Lata z Radiem &#8211; Smolik remix<\/p>\n\n\n\n<p>\n2.&nbsp;&nbsp;&nbsp;&nbsp;&nbsp;&nbsp;&nbsp;&nbsp;&nbsp;&nbsp;&nbsp; Krzysztof Zalewski &#8211; Kurier<\/p>\n\n\n\n<p>\n3.&nbsp;&nbsp;&nbsp;&nbsp;&nbsp;&nbsp;&nbsp;&nbsp;&nbsp;&nbsp;&nbsp; Daria Zawia\u0142ow- Na Skr\u00f3ty<\/p>\n\n\n\n<p>\n4.&nbsp;&nbsp;&nbsp;&nbsp;&nbsp;&nbsp;&nbsp;&nbsp;&nbsp;&nbsp;&nbsp; Kortez &#8211; We dwoje<\/p>\n\n\n\n<p>\n5.&nbsp;&nbsp;&nbsp;&nbsp;&nbsp;&nbsp;&nbsp;&nbsp;&nbsp;&nbsp;&nbsp; Brodka- Varsovie (Unplugged)\n<\/p>\n\n\n\n<p>\n6.&nbsp;&nbsp;&nbsp;&nbsp;&nbsp;&nbsp;&nbsp;&nbsp;&nbsp;&nbsp;&nbsp; Perfect- Ludzie niepowszedni<\/p>\n\n\n\n<p>\n7.&nbsp;&nbsp;&nbsp;&nbsp;&nbsp;&nbsp;&nbsp;&nbsp;&nbsp;&nbsp;&nbsp; Julia Pietrucha &#8211; Nie Potrzebujemy Nic<\/p>\n\n\n\n<p>\n8.&nbsp;&nbsp;&nbsp;&nbsp;&nbsp;&nbsp;&nbsp;&nbsp;&nbsp;&nbsp;&nbsp; Uniatowski- Honolulu<\/p>\n\n\n\n<p>\n9.&nbsp;&nbsp;&nbsp;&nbsp;&nbsp;&nbsp;&nbsp;&nbsp;&nbsp;&nbsp;&nbsp; Chopin University Big Band pod dyrekcj\u0105 Piotra Kostrzewy &#8211; Samba Del Gringo<\/p>\n\n\n\n<p>\n10.&nbsp;&nbsp;&nbsp;&nbsp;&nbsp;&nbsp;&nbsp;&nbsp;&nbsp; Kayah &#8211; Dawaj w d\u0142ug\u0105<\/p>\n\n\n\n<p>\n11.&nbsp;&nbsp;&nbsp;&nbsp;&nbsp;&nbsp;&nbsp;&nbsp;&nbsp; Smolik\/Kev Fox &#8211; On The Quiet<\/p>\n\n\n\n<p>\n12.&nbsp;&nbsp;&nbsp;&nbsp;&nbsp;&nbsp;&nbsp;&nbsp;&nbsp; Kapela ze Wsi Warszawa &#8211; Bida Blues<\/p>\n\n\n\n<p>\n13.&nbsp;&nbsp;&nbsp;&nbsp;&nbsp;&nbsp;&nbsp;&nbsp;&nbsp; T.Love &#8211; Blada<\/p>\n\n\n\n<p>\n14.&nbsp;&nbsp;&nbsp;&nbsp;&nbsp;&nbsp;&nbsp;&nbsp;&nbsp; Barbara Wro\u0144ska &#8211; Nieustraszeni<\/p>\n\n\n\n<p>\n15.&nbsp;&nbsp;&nbsp;&nbsp;&nbsp;&nbsp;&nbsp;&nbsp;&nbsp; Skubas &#8211; Nie Mam Dla Ciebie Mi\u0142o\u015bci<\/p>\n\n\n\n<p>\n16.&nbsp;&nbsp;&nbsp;&nbsp;&nbsp;&nbsp;&nbsp;&nbsp;&nbsp; Nosowska &#8211;&nbsp; Ja Pas<\/p>\n\n\n\n<p>\nPo sukcesie pierwszych koncertowych dni \u201eLato z radiem Festiwal 2019\u201d w Zakopanem, kolejna okazja na pos\u0142uchanie artyst\u00f3w z p\u0142yty ju\u017c 19-20 lipca w Pucku, 9-10 sierpnia w Stalowej\n Woli oraz podczas wielkiego fina\u0142u 30-31 sierpnia w Krakowie. W czasie koncert\u00f3w b\u0119dzie mo\u017cna naby\u0107 p\u0142yt\u0119 \u201eLato z&nbsp;radiem Festiwal 2019\u201d oraz spotka\u0107 artyst\u00f3w, zdoby\u0107 autograf. Szczeg\u00f3\u0142y koncert\u00f3w na&nbsp;<strong><a href=\"http:\/\/www.latozradiem.pl\">www.latozradiem.pl<\/a><\/strong>\n<\/p>\n\n\n\n<p>\n<strong>P\u0142yta \u201eLato z radiem Festiwal 20019\u201c do kupienia tutaj:<\/strong><strong><\/strong><\/p>\n\n\n\n<p><a href=\"https:\/\/sklep.polskieradio.pl\/pl\/p\/Lato-z-Radiem-Festiwal-2019CD\/1117\">https:\/\/sklep.polskieradio.pl\/pl\/p\/Lato-z-Radiem-Festiwal-2019CD\/1117<\/a><\/p>\n\n\n\n<p>\n<strong>Oficjalny fan page<\/strong><strong> \u201eLata z radiem\u201d<\/strong><strong>:<\/strong><strong><\/strong><\/p>\n\n\n\n<p> <strong><a href=\"http:\/\/www.facebook.com\/polskieradiolatozradiem\">www.facebook.com\/polskieradiolatozradiem<\/a><\/strong><\/p>\n\n\n\n<figure class=\"wp-block-embed-youtube wp-block-embed is-type-video is-provider-youtube wp-embed-aspect-16-9 wp-has-aspect-ratio\"><div class=\"wp-block-embed__wrapper\">\n<iframe loading=\"lazy\" title=\"Perfect - Ludzie niepowszedni (official video)\" width=\"800\" height=\"450\" src=\"https:\/\/www.youtube.com\/embed\/Eo2mv2j9IDI?feature=oembed\" frameborder=\"0\" allow=\"accelerometer; autoplay; clipboard-write; encrypted-media; gyroscope; picture-in-picture; web-share\" referrerpolicy=\"strict-origin-when-cross-origin\" allowfullscreen><\/iframe>\n<\/div><\/figure>\n","protected":false},"excerpt":{"rendered":"<p>Krzysztof Zalewski, Daria Zawia\u0142ow, Brodka, Kortez, Smolik, Nosowska, S\u0142awek Uniatowski, Perfect i wielu innych artyst\u00f3w b\u0119dzie mo\u017cna pos\u0142ucha\u0107 na p\u0142ycie \u201eLato z radiem Festiwal 2019\u201d, kt\u00f3ra uka\u017ce si\u0119 w sprzeda\u017cy 5 lipca. Album to muzyczna esencja rozpocz\u0119tego 28 czerwca w Zakopanem festiwalu \u201eLata z Radiem\u201d. Na p\u0142yt\u0119 sk\u0142adaj\u0105 si\u0119 utwory artyst\u00f3w, kt\u00f3rzy zagraj\u0105 na najwi\u0119kszym [&hellip;]<\/p>\n","protected":false},"author":1,"featured_media":17236,"comment_status":"closed","ping_status":"open","sticky":false,"template":"","format":"standard","meta":{"jetpack_post_was_ever_published":false,"_jetpack_newsletter_access":"","_jetpack_dont_email_post_to_subs":false,"_jetpack_newsletter_tier_id":0,"_jetpack_memberships_contains_paywalled_content":false,"_jetpack_memberships_contains_paid_content":false,"footnotes":"","jetpack_publicize_message":"","jetpack_publicize_feature_enabled":true,"jetpack_social_post_already_shared":true,"jetpack_social_options":{"image_generator_settings":{"template":"highway","default_image_id":0,"enabled":false},"version":2}},"categories":[2],"tags":[],"class_list":["post-17315","post","type-post","status-publish","format-standard","has-post-thumbnail","hentry","category-albumy"],"jetpack_publicize_connections":[],"jetpack_featured_media_url":"http:\/\/muzykabeztajemnic.info.pl\/wp-content\/uploads\/2019\/06\/ok\u0142adka-p\u0142yty-Lato-z-radiem-Festiwal-2019.jpg","jetpack_sharing_enabled":true,"jetpack_shortlink":"https:\/\/wp.me\/p67auQ-4vh","_links":{"self":[{"href":"http:\/\/muzykabeztajemnic.info.pl\/index.php?rest_route=\/wp\/v2\/posts\/17315","targetHints":{"allow":["GET"]}}],"collection":[{"href":"http:\/\/muzykabeztajemnic.info.pl\/index.php?rest_route=\/wp\/v2\/posts"}],"about":[{"href":"http:\/\/muzykabeztajemnic.info.pl\/index.php?rest_route=\/wp\/v2\/types\/post"}],"author":[{"embeddable":true,"href":"http:\/\/muzykabeztajemnic.info.pl\/index.php?rest_route=\/wp\/v2\/users\/1"}],"replies":[{"embeddable":true,"href":"http:\/\/muzykabeztajemnic.info.pl\/index.php?rest_route=%2Fwp%2Fv2%2Fcomments&post=17315"}],"version-history":[{"count":0,"href":"http:\/\/muzykabeztajemnic.info.pl\/index.php?rest_route=\/wp\/v2\/posts\/17315\/revisions"}],"wp:featuredmedia":[{"embeddable":true,"href":"http:\/\/muzykabeztajemnic.info.pl\/index.php?rest_route=\/wp\/v2\/media\/17236"}],"wp:attachment":[{"href":"http:\/\/muzykabeztajemnic.info.pl\/index.php?rest_route=%2Fwp%2Fv2%2Fmedia&parent=17315"}],"wp:term":[{"taxonomy":"category","embeddable":true,"href":"http:\/\/muzykabeztajemnic.info.pl\/index.php?rest_route=%2Fwp%2Fv2%2Fcategories&post=17315"},{"taxonomy":"post_tag","embeddable":true,"href":"http:\/\/muzykabeztajemnic.info.pl\/index.php?rest_route=%2Fwp%2Fv2%2Ftags&post=17315"}],"curies":[{"name":"wp","href":"https:\/\/api.w.org\/{rel}","templated":true}]}}