{"id":17302,"date":"2019-07-03T09:44:20","date_gmt":"2019-07-03T09:44:20","guid":{"rendered":"https:\/\/muzykabeztajemnic.info.pl\/?p=17302"},"modified":"2019-07-03T09:44:25","modified_gmt":"2019-07-03T09:44:25","slug":"etno-elektronika-i-ona-kyoku","status":"publish","type":"post","link":"http:\/\/muzykabeztajemnic.info.pl\/?p=17302","title":{"rendered":"Etno, elektronika i ona &#8211; KY\u00d6KU"},"content":{"rendered":"\n<p><em>Kyoku i Essex prezentuj\u0105 singiel us\u0142any etniczno-elektronicznym brzmieniem i zapowiadaj\u0105 albumu <\/em><strong><em>\u201eZenith<\/em><\/strong><em>\u201d, kt\u00f3rego  premiera zaplanowana jest na pocz\u0105tek 2020 roku<\/em><\/p>\n\n\n\n<p>\n&nbsp;<strong>Ods\u0142uch&nbsp;<a href=\"https:\/\/smarturl.it\/KyokuSomewhere\">https:\/\/smarturl.it\/KyokuSomewhere<\/a><\/strong><\/p>\n\n\n\n<p>\nWsp\u00f3\u0142praca dw\u00f3jki artyst\u00f3w\n przynios\u0142a p\u0142yt\u0119, w kt\u00f3rej nie ma kompromis\u00f3w\n i popowego brzmienia. Sami arty\u015bci swoj\u0105 tw\u00f3rczo\u015b\u0107 opisuj\u0105 jako odr\u0119bny\n nurt muzyczny stworzony przez ich umuzycznione dusze. <\/p>\n\n\n\n<p>\nNa album \u201eZenith\u201d sk\u0142ada si\u0119 elektronika wzbogacona \u017cywymi\n instrumentami, na przyk\u0142ad fletem poprzecznym <strong>Essex<\/strong>a oraz gitar\u0105 Szczepana. Ca\u0142o\u015b\u0107\ndope\u0142nia energetyzuj\u0105cy, s\u0142owia\u0144ski g\u0142os\n<strong>KY\u00d6KU<\/strong>. Brzmienia te wype\u0142nione\n s\u0105 etnicznymi motywami muzycznymi i odg\u0142osami le\u015bnej,\n dzikiej g\u0142uszy. Komponuj\u0105c utwory na p\u0142yt\u0119 arty\u015bci zagl\u0105daj\u0105 w g\u0142\u0105b\n siebie, daj\u0105 ponie\u015b\u0107 si\u0119 wyobra\u017ani, przep\u0142ywaj\u0105cej przez nich energii \noraz duchowym prze\u017cyciom. Dzi\u0119ki tym po\u0142\u0105czeniom powsta\u0142a muzyka, kt\u00f3ra mimowolnie\n koi nerwy, unosi ponad duszny zgie\u0142k miasta i wprowadza w nowy, magiczny \u015bwiat, nieznany dot\u0105d s\u0142uchaczom.&nbsp;&nbsp;&nbsp;&nbsp;&nbsp;&nbsp;&nbsp;&nbsp;&nbsp;&nbsp;&nbsp;&nbsp;&nbsp;&nbsp;&nbsp;&nbsp;&nbsp;&nbsp;&nbsp;&nbsp;&nbsp;&nbsp;&nbsp;&nbsp;&nbsp;&nbsp;&nbsp;\n<\/p>\n\n\n\n<p>\nKY\u00d6KU to artystka, kt\u00f3ra talent szlifowa\u0142a od najm\u0142odszych\n lat w jednym ze \u015bl\u0105skich miast. Na swoim muzycznym koncie ma ju\u017c ponad sto koncert\u00f3w w Polsce i poza granicami kraju. Wyst\u0119powa\u0142a mi\u0119dzy innymi\n na ADM Festival Amsterdam, Las Camp Festival czy w Filharmonii \n\u015awi\u0119tokrzyskiej. Wyst\u0119powa\u0142a tak\u017ce u boku Kamila Bednarka na Du\u017cej \nScenie 21. Festiwalu Woodstock.<\/p>\n\n\n\n<p>\nKompozytorem muzycznym albumu jest ceniony \nproducent ESSEX. Muzyk\u0105 zajmuj\u0119 si\u0119 od ponad 12 lat. Wsp\u00f3\u0142pracowa\u0142 \nmi\u0119dzy innymi z Kasi\u0105 Mo\u015b, Kubanem czy Sitkiem. Pomimo m\u0142odego wieku \nwyda\u0142 dwie autorskie p\u0142yty:\n<em>De Ep Fo Rest<\/em>, kt\u00f3rego singiel promuj\u0105cy\n osi\u0105gn\u0105\u0142 milionowe wy\u015bwietlenia na YouTube oraz <em>Dualizm<\/em>. Swoj\u0105 muzyk\u0119 opisuje jako elektroniczn\u0105, inspirowan\u0105 lasem. Trzecim ogniwem p\u0142yty jest Szczepan\n &#8211; multiinstrumentalista i kompozytor. Jego muzyczny styl opiera si\u0119 na improwizacji. Muzyk\u0119 traktuje jak s\u0142owa, kt\u00f3rymi porozumiewa si\u0119 z lud\u017ami.<\/p>\n","protected":false},"excerpt":{"rendered":"<p>Kyoku i Essex prezentuj\u0105 singiel us\u0142any etniczno-elektronicznym brzmieniem i zapowiadaj\u0105 albumu \u201eZenith\u201d, kt\u00f3rego premiera zaplanowana jest na pocz\u0105tek 2020 roku &nbsp;Ods\u0142uch&nbsp;https:\/\/smarturl.it\/KyokuSomewhere Wsp\u00f3\u0142praca dw\u00f3jki artyst\u00f3w przynios\u0142a p\u0142yt\u0119, w kt\u00f3rej nie ma kompromis\u00f3w i popowego brzmienia. Sami arty\u015bci swoj\u0105 tw\u00f3rczo\u015b\u0107 opisuj\u0105 jako odr\u0119bny nurt muzyczny stworzony przez ich umuzycznione dusze. Na album \u201eZenith\u201d sk\u0142ada si\u0119 elektronika wzbogacona [&hellip;]<\/p>\n","protected":false},"author":1,"featured_media":0,"comment_status":"closed","ping_status":"open","sticky":false,"template":"","format":"standard","meta":{"jetpack_post_was_ever_published":false,"_jetpack_newsletter_access":"","_jetpack_dont_email_post_to_subs":false,"_jetpack_newsletter_tier_id":0,"_jetpack_memberships_contains_paywalled_content":false,"_jetpack_memberships_contains_paid_content":false,"footnotes":"","jetpack_publicize_message":"","jetpack_publicize_feature_enabled":true,"jetpack_social_post_already_shared":true,"jetpack_social_options":{"image_generator_settings":{"template":"highway","default_image_id":0,"enabled":false},"version":2}},"categories":[1],"tags":[],"class_list":["post-17302","post","type-post","status-publish","format-standard","hentry","category-uncategorized"],"jetpack_publicize_connections":[],"jetpack_featured_media_url":"","jetpack_sharing_enabled":true,"jetpack_shortlink":"https:\/\/wp.me\/p67auQ-4v4","_links":{"self":[{"href":"http:\/\/muzykabeztajemnic.info.pl\/index.php?rest_route=\/wp\/v2\/posts\/17302","targetHints":{"allow":["GET"]}}],"collection":[{"href":"http:\/\/muzykabeztajemnic.info.pl\/index.php?rest_route=\/wp\/v2\/posts"}],"about":[{"href":"http:\/\/muzykabeztajemnic.info.pl\/index.php?rest_route=\/wp\/v2\/types\/post"}],"author":[{"embeddable":true,"href":"http:\/\/muzykabeztajemnic.info.pl\/index.php?rest_route=\/wp\/v2\/users\/1"}],"replies":[{"embeddable":true,"href":"http:\/\/muzykabeztajemnic.info.pl\/index.php?rest_route=%2Fwp%2Fv2%2Fcomments&post=17302"}],"version-history":[{"count":0,"href":"http:\/\/muzykabeztajemnic.info.pl\/index.php?rest_route=\/wp\/v2\/posts\/17302\/revisions"}],"wp:attachment":[{"href":"http:\/\/muzykabeztajemnic.info.pl\/index.php?rest_route=%2Fwp%2Fv2%2Fmedia&parent=17302"}],"wp:term":[{"taxonomy":"category","embeddable":true,"href":"http:\/\/muzykabeztajemnic.info.pl\/index.php?rest_route=%2Fwp%2Fv2%2Fcategories&post=17302"},{"taxonomy":"post_tag","embeddable":true,"href":"http:\/\/muzykabeztajemnic.info.pl\/index.php?rest_route=%2Fwp%2Fv2%2Ftags&post=17302"}],"curies":[{"name":"wp","href":"https:\/\/api.w.org\/{rel}","templated":true}]}}