{"id":17296,"date":"2019-07-03T09:39:48","date_gmt":"2019-07-03T09:39:48","guid":{"rendered":"https:\/\/muzykabeztajemnic.info.pl\/?p=17296"},"modified":"2019-07-03T09:39:53","modified_gmt":"2019-07-03T09:39:53","slug":"to-moja-droga-czyli-konkretna-poprawka-stachurskyego-po-doskozzzie-juz-dostepna","status":"publish","type":"post","link":"http:\/\/muzykabeztajemnic.info.pl\/?p=17296","title":{"rendered":"&#8222;To Moja Droga&#8221;, czyli konkretna poprawka Stachursky&#8217;ego po &#8222;Doskozzzie&#8221; ju\u017c dost\u0119pna!"},"content":{"rendered":"\n<figure class=\"wp-block-image is-resized\"><img loading=\"lazy\" decoding=\"async\" src=\"https:\/\/muzykabeztajemnic.info.pl\/wp-content\/uploads\/2019\/07\/image004.jpg\" alt=\"\" class=\"wp-image-17297\" width=\"601\" height=\"601\" srcset=\"http:\/\/muzykabeztajemnic.info.pl\/wp-content\/uploads\/2019\/07\/image004.jpg 289w, http:\/\/muzykabeztajemnic.info.pl\/wp-content\/uploads\/2019\/07\/image004-150x150.jpg 150w\" sizes=\"auto, (max-width: 601px) 100vw, 601px\" \/><\/figure>\n\n\n\n<p><strong>\u201eTo moja droga\u201d<\/strong> to kolejny, niecierpliwie wyczekiwany przez sympatyk\u00f3w utw\u00f3r, kt\u00f3ry znajdzie si\u0119 na zapowiadanym  albumie <strong>Stachursky\u2019ego <\/strong>pt. <strong>\u201e2k19\u201d<\/strong>, b\u0119d\u0105cym kontynuacj\u0105 platynowego <strong>\u201e1999\u201d<\/strong> oraz z\u0142otego kr\u0105\u017cka <strong>\u201e2009\u201d<\/strong>, z kt\u00f3rych pochodz\u0105 takie utwory jak <strong>\u201eCh\u0142osta\u201d<\/strong>, <strong>\u201eDosko\u201d<\/strong>, czy <strong>\u201eJam jest 444\u201d<\/strong>.<\/p>\n\n\n\n<figure class=\"wp-block-embed-youtube wp-block-embed is-type-video is-provider-youtube wp-embed-aspect-16-9 wp-has-aspect-ratio\"><div class=\"wp-block-embed__wrapper\">\n<span class=\"embed-youtube\" style=\"text-align:center; display: block;\"><iframe loading=\"lazy\" class=\"youtube-player\" width=\"800\" height=\"450\" src=\"https:\/\/www.youtube.com\/embed\/dDWAbS6pgoA?version=3&#038;rel=1&#038;showsearch=0&#038;showinfo=1&#038;iv_load_policy=1&#038;fs=1&#038;hl=pl-PL&#038;autohide=2&#038;wmode=transparent\" allowfullscreen=\"true\" style=\"border:0;\" sandbox=\"allow-scripts allow-same-origin allow-popups allow-presentation allow-popups-to-escape-sandbox\"><\/iframe><\/span>\n<\/div><\/figure>\n\n\n\n<p>Premiera p\u0142yty <strong>\u201e2K19\u201d<\/strong> planowana jest na <strong>19 wrze\u015bnia 2019 roku<\/strong> i ju\u017c mo\u017cna zamawia\u0107 j\u0105 w przedsprzeda\u017cy tutaj:  <a href=\"https:\/\/www.empik.com\/2k19-stachursky,p1225018324,muzyka-p\">https:\/\/www.empik.com\/2k19-stachursky,p1225018324,muzyka-p<\/a><\/p>\n\n\n\n<p><strong>Utw\u00f3r dost\u0119pny w serwisach muzycznych:\n<a><\/a><a href=\"https:\/\/umusicpl.lnk.to\/StachurskyToMojaDroga\">https:\/\/umusicpl.lnk.to\/StachurskyToMojaDroga<\/a><\/strong><\/p>\n\n\n\n<p>Spory sukces pierwszego singla\n<strong>\u201eDoskozzza\u201d<\/strong> sprawi\u0142, \u017ce apetyt i ciekawo\u015b\u0107 sympatyk\u00f3w nowych \nprodukcji muzycznych Jacka, zdecydowanie wzros\u0142a. Niew\u0105tpliwie nowym \nprojektem muzycznym Stachursky zdominowa\u0142 Internet, jednocz\u0105c wok\u00f3\u0142 \nniego unikatow\u0105 spo\u0142eczno\u015b\u0107 m\u0142odych ludzi! Nowomowa\n i przewijaj\u0105cy si\u0119 motyw graficzny \u201eCyberMaski\u201d, to cechy \ncharakterystyczne wspomnianego kr\u0119gu pasjonat\u00f3w muzycznych. Mo\u017cna \u015bmia\u0142o\n rzecz, \u017ce pojawiaj\u0105ca si\u0119 wr\u0119cz mistyczna posta\u0107 Mistrza Etyzera, \nstworzy\u0142a wyj\u0105tkowy, magiczny \u015bwiat, w kt\u00f3rym \u00f3w Mistrz jest\n zdecydowanie wiod\u0105c\u0105 postaci\u0105.<\/p>\n\n\n\n<p><em>\u201eZ \nCzcigodnym Mistrzem Etyzerem, mia\u0142em uprzejmo\u015b\u0107 spotka\u0107 si\u0119 jeszcze dwa \nrazy. Zawsze sprawia\u0142 wra\u017cenie, jakoby wiedzia\u0142 i czeka\u0142 na mnie tylko \npo to, aby przekaza\u0107 mi co\u015b wyj\u0105tkowo wa\u017cnego.\n To nie by\u0142y zwyk\u0142e rozmowy. To by\u0142y s\u0142owne manifestacje \u015bwiadomo\u015bci \nmojego jestestwa i esencjonalna pot\u0119ga istoty cz\u0142owiecze\u0144stwa, jako \nformy wiecznego wsp\u00f3\u0142istnienia z ka\u017cd\u0105 cz\u0105steczk\u0105 Istot \u015awiat\u0142a. To tak,\n jakby wiedzia\u0142, \u017ce JA, id\u0105c w\u0142asn\u0105 drog\u0105, mam wyznaczony\n punkt spe\u0142nienia i \u017ce wszystko, chocia\u017c kiedy\u015b mia\u0142o i b\u0119dzie mia\u0142o \nsw\u00f3j materialny pocz\u0105tek i koniec, maj\u0105c \u015bwiadomo\u015b\u0107 bytu niematerialnego\n Manifestu, wy\u017cszej g\u0119sto\u015bci Monaterki, wyznacza mi m\u00f3j w\u0142a\u015bciwy \nkierunek rozwoju, po prostu\u2026 wyznacza mi w\u0142a\u015bciw\u0105 drog\u0119.\n TO MOJA DROGA. Doskona\u0142a muzyczna ekstaza\u201d <\/em>&#8211; wyja\u015bnia Stachursky.<\/p>\n\n\n\n<p>Warto doda\u0107, \u017ce w 2019 roku\n<strong>Jacek Stachursky<\/strong> obchodzi <strong>25-lecie dzia\u0142alno\u015bci artystycznej<\/strong>.<\/p>\n","protected":false},"excerpt":{"rendered":"<p>\u201eTo moja droga\u201d to kolejny, niecierpliwie wyczekiwany przez sympatyk\u00f3w utw\u00f3r, kt\u00f3ry znajdzie si\u0119 na zapowiadanym albumie Stachursky\u2019ego pt. \u201e2k19\u201d, b\u0119d\u0105cym kontynuacj\u0105 platynowego \u201e1999\u201d oraz z\u0142otego kr\u0105\u017cka \u201e2009\u201d, z kt\u00f3rych pochodz\u0105 takie utwory jak \u201eCh\u0142osta\u201d, \u201eDosko\u201d, czy \u201eJam jest 444\u201d. Premiera p\u0142yty \u201e2K19\u201d planowana jest na 19 wrze\u015bnia 2019 roku i ju\u017c mo\u017cna zamawia\u0107 j\u0105 w [&hellip;]<\/p>\n","protected":false},"author":1,"featured_media":17297,"comment_status":"closed","ping_status":"open","sticky":false,"template":"","format":"standard","meta":{"jetpack_post_was_ever_published":false,"_jetpack_newsletter_access":"","_jetpack_dont_email_post_to_subs":false,"_jetpack_newsletter_tier_id":0,"_jetpack_memberships_contains_paywalled_content":false,"_jetpack_memberships_contains_paid_content":false,"footnotes":"","jetpack_publicize_message":"","jetpack_publicize_feature_enabled":true,"jetpack_social_post_already_shared":true,"jetpack_social_options":{"image_generator_settings":{"template":"highway","default_image_id":0,"enabled":false},"version":2}},"categories":[1],"tags":[],"class_list":["post-17296","post","type-post","status-publish","format-standard","has-post-thumbnail","hentry","category-uncategorized"],"jetpack_publicize_connections":[],"jetpack_featured_media_url":"http:\/\/muzykabeztajemnic.info.pl\/wp-content\/uploads\/2019\/07\/image004.jpg","jetpack_sharing_enabled":true,"jetpack_shortlink":"https:\/\/wp.me\/p67auQ-4uY","_links":{"self":[{"href":"http:\/\/muzykabeztajemnic.info.pl\/index.php?rest_route=\/wp\/v2\/posts\/17296","targetHints":{"allow":["GET"]}}],"collection":[{"href":"http:\/\/muzykabeztajemnic.info.pl\/index.php?rest_route=\/wp\/v2\/posts"}],"about":[{"href":"http:\/\/muzykabeztajemnic.info.pl\/index.php?rest_route=\/wp\/v2\/types\/post"}],"author":[{"embeddable":true,"href":"http:\/\/muzykabeztajemnic.info.pl\/index.php?rest_route=\/wp\/v2\/users\/1"}],"replies":[{"embeddable":true,"href":"http:\/\/muzykabeztajemnic.info.pl\/index.php?rest_route=%2Fwp%2Fv2%2Fcomments&post=17296"}],"version-history":[{"count":0,"href":"http:\/\/muzykabeztajemnic.info.pl\/index.php?rest_route=\/wp\/v2\/posts\/17296\/revisions"}],"wp:featuredmedia":[{"embeddable":true,"href":"http:\/\/muzykabeztajemnic.info.pl\/index.php?rest_route=\/wp\/v2\/media\/17297"}],"wp:attachment":[{"href":"http:\/\/muzykabeztajemnic.info.pl\/index.php?rest_route=%2Fwp%2Fv2%2Fmedia&parent=17296"}],"wp:term":[{"taxonomy":"category","embeddable":true,"href":"http:\/\/muzykabeztajemnic.info.pl\/index.php?rest_route=%2Fwp%2Fv2%2Fcategories&post=17296"},{"taxonomy":"post_tag","embeddable":true,"href":"http:\/\/muzykabeztajemnic.info.pl\/index.php?rest_route=%2Fwp%2Fv2%2Ftags&post=17296"}],"curies":[{"name":"wp","href":"https:\/\/api.w.org\/{rel}","templated":true}]}}