{"id":17233,"date":"2019-06-25T16:55:14","date_gmt":"2019-06-25T16:55:14","guid":{"rendered":"https:\/\/muzykabeztajemnic.info.pl\/?p=17233"},"modified":"2019-06-25T16:55:19","modified_gmt":"2019-06-25T16:55:19","slug":"lato-z-radiem-festiwal-2019-jeden-festiwal-4-miasta-26-wykonawcow-ujawniamy-kto-gdzie-kiedy-i-z-kim-wystapi-podczas-najwiekszej-otwartej-imprezy-tego-lata","status":"publish","type":"post","link":"http:\/\/muzykabeztajemnic.info.pl\/?p=17233","title":{"rendered":"LATO Z RADIEM FESTIWAL 2019 \u2013 Jeden festiwal, 4 miasta, 26 wykonawc\u00f3w! Ujawniamy kto, gdzie, kiedy i z kim wyst\u0105pi podczas najwi\u0119kszej otwartej imprezy tego lata."},"content":{"rendered":"\n<figure class=\"wp-block-image is-resized\"><img loading=\"lazy\" decoding=\"async\" src=\"https:\/\/muzykabeztajemnic.info.pl\/wp-content\/uploads\/2019\/06\/Lato-z-radiem-Festiwal-2019-oficjalny-plakat-800x400.jpg\" alt=\"\" class=\"wp-image-17235\" width=\"691\" height=\"346\" srcset=\"http:\/\/muzykabeztajemnic.info.pl\/wp-content\/uploads\/2019\/06\/Lato-z-radiem-Festiwal-2019-oficjalny-plakat-800x400.jpg 800w, http:\/\/muzykabeztajemnic.info.pl\/wp-content\/uploads\/2019\/06\/Lato-z-radiem-Festiwal-2019-oficjalny-plakat-500x250.jpg 500w, http:\/\/muzykabeztajemnic.info.pl\/wp-content\/uploads\/2019\/06\/Lato-z-radiem-Festiwal-2019-oficjalny-plakat-768x384.jpg 768w, http:\/\/muzykabeztajemnic.info.pl\/wp-content\/uploads\/2019\/06\/Lato-z-radiem-Festiwal-2019-oficjalny-plakat.jpg 1000w\" sizes=\"auto, (max-width: 691px) 100vw, 691px\" \/><\/figure>\n\n\n\n<p><strong>Wszystko zacznie si\u0119 ju\u017c w najbli\u017cszy pi\u0105tek w Zakopanem. Potem b\u0119dzie Puck, Stalowa Wola i wielki fina\u0142 w Krakowie. To b\u0119d\u0105 muzyczne wakacje, jakich jeszcze w Polsce nie by\u0142o:\n jeden festiwal, a wykonawcy od muzyki klasycznej, przez jazz, rock, folk i najwy\u017cszej pr\u00f3by pop.<\/strong><\/p>\n\n\n\n<p> Zobaczymy  Kayah, ale i W\u0142odka Pawlika, Korteza i Chopin University Big Band, S\u0142awka Uniatowskiego, i Nosowsk\u0105, Orkiestr\u0119 Polskiego Radia i Mu\u0144ka z nowym zespo\u0142em. B\u0119dzie te\u017c Perfect, Voo Voo, Daria Zawia\u0142ow. Na wszystkie koncerty i wydarzenia towarzysz\u0105ce wst\u0119p jest  wolny. \u2013 <em>Ka\u017cdy, kto kocha muzyk\u0119, pokocha tegoroczny Festiwal Lata z Radiem <\/em> \u2013 obiecuje <strong>Marcin Kusy, szef muzyczny radiowej Jedynki<\/strong>. \u2013 <strong>\u201eLato z Radiem Festiwal\u201d 2019 to\u00a0koncertowe premiery<\/strong>, niecodzienne artystyczne spotkania, niespodzianki, ale te\u017c mn\u00f3stwo muzycznych wspomnie\u0144 i wzrusze\u0144 \u2013 zapowiada autor tracklisty tegorocznej  festiwalowej p\u0142yty, kt\u00f3r\u0105 przedpremierowo zdoby\u0107 b\u0119dzie mo\u017cna w Zakopanem, mie\u015bcie, gdzie tego lata wszystko si\u0119 zaczyna. <\/p>\n\n\n\n<figure class=\"wp-block-image is-resized\"><img loading=\"lazy\" decoding=\"async\" src=\"https:\/\/muzykabeztajemnic.info.pl\/wp-content\/uploads\/2019\/06\/ok\u0142adka-p\u0142yty-Lato-z-radiem-Festiwal-2019-800x800.jpg\" alt=\"\" class=\"wp-image-17236\" width=\"698\" height=\"698\" srcset=\"http:\/\/muzykabeztajemnic.info.pl\/wp-content\/uploads\/2019\/06\/ok\u0142adka-p\u0142yty-Lato-z-radiem-Festiwal-2019-800x800.jpg 800w, http:\/\/muzykabeztajemnic.info.pl\/wp-content\/uploads\/2019\/06\/ok\u0142adka-p\u0142yty-Lato-z-radiem-Festiwal-2019-150x150.jpg 150w, http:\/\/muzykabeztajemnic.info.pl\/wp-content\/uploads\/2019\/06\/ok\u0142adka-p\u0142yty-Lato-z-radiem-Festiwal-2019-500x500.jpg 500w, http:\/\/muzykabeztajemnic.info.pl\/wp-content\/uploads\/2019\/06\/ok\u0142adka-p\u0142yty-Lato-z-radiem-Festiwal-2019-768x768.jpg 768w, http:\/\/muzykabeztajemnic.info.pl\/wp-content\/uploads\/2019\/06\/ok\u0142adka-p\u0142yty-Lato-z-radiem-Festiwal-2019.jpg 900w\" sizes=\"auto, (max-width: 698px) 100vw, 698px\" \/><\/figure>\n\n\n\n<p>\n<strong>28 czerwca<\/strong> us\u0142yszymy tu\n<strong>W\u0142odka Pawlika<\/strong> i jego trio na jazzowo brawurowo graj\u0105cego Moniuszk\u0119, <strong>Kapel\u0119 ze Wsi Warszawa<\/strong>, kt\u00f3ra zawsze zaskakuje repertuarem, temperamentem, luzem i&nbsp;mistrzostwem,\n<strong>Warszawskie Combo Taneczne<\/strong> Janka M\u0142ynarskiego, kt\u00f3re uko\u0142ysze a zaraz porwie do&nbsp;ta\u0144ca, przenosz\u0105c s\u0142uchaczy do\u2026 czaruj\u0105cej i charakternej zarazem przedwojennej Warszawy. W&nbsp;festiwalow\u0105 sobot\u0119\n<strong>29 czerwca<\/strong> czeka publiczno\u015b\u0107 zmiana rytm\u00f3w: <strong>Hanka Rybka<\/strong>, jazzowa wokalistka zakochana w swoim Podhalu i jego muzycznych tradycjach, zaraz potem\n<strong>Chopin University Big Band <\/strong>pod dyrekcj\u0105 Piotra Kostrzewy o nieograniczonej muzycznej fantazji,\n<strong>S\u0142awek Uniatowski<\/strong>, kt\u00f3ry z Big Bandem zaczyna\u0142 swoj\u0105 karier\u0119, jak nikt wcze\u015bniej \u015bpiewaj\u0105c Sinatr\u0119 a potem Wodeckiego,\n<strong>Krzysztof Zalewski<\/strong>, kt\u00f3rego po \u201ePocz\u0105tku\u201d \u2013 hicie przez niego skomponowanym i z jego tekstem, a&nbsp;wykonywanym z Dawidem Podsiad\u0142o i Kortezem \u2013 nie spos\u00f3b nie chcie\u0107 us\u0142ysze\u0107 na \u017cywo, i na koniec zakopia\u0144skiej sobotniej nocy \u2013\n<strong>Kayah<\/strong>.<\/p>\n\n\n\n<p>\nW lipcu Lato z Radiem Festiwal zawita do\n<strong>Pucka: w pi\u0105tek 19 lipca i sobot\u0119 20<\/strong>. tak\u017ce mieszka\u0144cy p\u00f3\u0142nocnej Polski oraz wypoczywaj\u0105cy tu tury\u015bci b\u0119d\u0105 mieli okazj\u0119 us\u0142ysze\u0107 i spotka\u0107\n<strong>Warszawskie Combo Taneczne, Kapel\u0119 ze Wsi Warszawa, Chopin University Big Band, S\u0142awka Uniatowskiego<\/strong> oraz\n<strong>Mu\u0144ka<\/strong> z nowym zespo\u0142em i nowym repertuarem. Dla autora ju\u017c kultowej \u201ePoli\u201d b\u0119dzie to pierwszy przystanek na Festiwalu Lata z Radiem \u2013 kolejne to Stalowa Wola i fina\u0142owy Krak\u00f3w. Zanim jednak Krak\u00f3w, w Pucku na fan\u00f3w czeka muzyczna niespodzianka \u2013 ujawniona\n zostanie niemal w ostatniej chwili. <\/p>\n\n\n\n<p>\nDo\n<strong>Stalowej Woli 9-10 sierpnia<\/strong> \u015bci\u0105gn\u0105 rzesze s\u0142uchaczy Polskiego Radia i wielbicieli\n<strong>Korteza, Perfectu, Mu\u0144ka<\/strong>. Zagraj\u0105 r\u00f3wnie\u017c <strong>Kapela ze Wsi Warszawa, Chopin University Big Band i S\u0142awek Uniatowski<\/strong>. Wszyscy \u2013 i arty\u015bci, i&nbsp;prowadz\u0105cy, i publiczno\u015b\u0107 licz\u0105 na kameralne i bez presji czasu prze\u017cywane spotkania po i przed koncertami.\n<\/p>\n\n\n\n<p>\nKr\u00f3lewska muzyczna uczta czeka festiwalow\u0105 publiczno\u015b\u0107\n<strong>30-31 sierpnia w Krakowie<\/strong>. To b\u0119dzie wielki fina\u0142 wakacji z \u201eLatem z Radiem\u201d. Dwa dni, osiemna\u015bcie koncert\u00f3w, atrakcje w r\u00f3\u017cnych punktach miasta. W Krakowie w pi\u0105tek zagraj\u0105:\n<strong>Smolik \/ Kev Fox, The Dumplings, Barbara Wro\u0144ska i Przyjaciele, Kr\u00f3l, Przybysz-Przybysz, Muniek z zespo\u0142em, Mazolewski\/Porter, Fisz Emade Tworzywo, Nosowska, Voo Voo<\/strong>. W sobot\u0119:\n<strong>Orkiestra Polskiego Radia w Warszawie, Chopin University Big Band, Anita Lipnicka, Mela Koteluk, Skubas, Julia Pietrucha i Daria Zawia\u0142ow<\/strong>.\n<\/p>\n\n\n\n<p>\n\u2013\n<em>Dlaczego to robimy? Zesz\u0142oroczny sukces Festiwalowej Gdyni, gdzie przyjecha\u0142o ponad 100 tys. ludzi sprawi\u0142, \u017ce nabrali\u015bmy apetytu na wi\u0119cej<\/em> \u2013 m\u00f3wi\n<strong>prezes Polskiego Radia Andrzej Rogoyski<\/strong>. \u2013 <em>Skoro s\u0142uchacze Polskiego Radia tak kochaj\u0105 muzyk\u0119 i to t\u0119 ambitn\u0105, dlaczego mieliby\u015bmy ogranicza\u0107 si\u0119 do jednego miasta i jednego terminu? Nasz festiwal b\u0119dzie cieszy\u0142 publiczno\u015b\u0107 i s\u0142uchaczy przez ca\u0142e\n wakacje.<\/em><\/p>\n\n\n\n<p> Wi\u0119kszo\u015b\u0107 wydarze\u0144 festiwalowych mo\u017cna b\u0119dzie \u015bledzi\u0107 na bie\u017c\u0105co dzi\u0119ki <strong>streamingom na portalu Polskiego Radia <\/strong>oraz w mediach spo\u0142eczno\u015bciowych. Koncerty transmitowane b\u0119d\u0105 na antenach Polskiego Radia, z ka\u017cdego z festiwalowych miast nadawane b\u0119d\u0105 znane i cenione audycje z udzia\u0142em publiczno\u015bci (m.in. Zapraszamy do Tr\u00f3jki,  Markomania, Muzyczna Jedynka, Dw\u00f3jka na miejscu i PlanAir Czw\u00f3rki). W\u00a0strefach festiwalowych Muzycznej, Familijnej i Relaksu ka\u017cdy znajdzie co\u015b interesuj\u0105cego dla siebie: spotkania z gwiazdami, dziennikarzami muzycznymi, gry i zabawy edukacyjne dla dzieci,  warsztaty radiowe, odrobina ruchu z prowadz\u0105cymi <strong>\u201eGimnastyk\u0119 porann\u0105\u201d w radiowej Jedynce<\/strong>, czy ekip\u0105 kultowej audycji \u201eLato z\u00a0Radiem\u201d, na kt\u00f3rej wychowa\u0142y si\u0119 pokolenia Polak\u00f3w. <\/p>\n\n\n\n<p>\n<strong>Wi<\/strong><strong>\u0119cej informacji<\/strong><strong>\n na stronie internetowej<\/strong><strong>:\n<\/strong><strong><a href=\"http:\/\/www.latozradiem.pl\">latozradiem.pl<\/a><\/strong><\/p>\n\n\n\n<p>\n<strong>Oficjalny fan page:\n<\/strong><strong><a href=\"http:\/\/www.facebook.com\/polskieradiolatozradiem\">www.facebook.com\/polskieradiolatozradiem<\/a><\/strong><\/p>\n","protected":false},"excerpt":{"rendered":"<p>Wszystko zacznie si\u0119 ju\u017c w najbli\u017cszy pi\u0105tek w Zakopanem. Potem b\u0119dzie Puck, Stalowa Wola i wielki fina\u0142 w Krakowie. To b\u0119d\u0105 muzyczne wakacje, jakich jeszcze w Polsce nie by\u0142o: jeden festiwal, a wykonawcy od muzyki klasycznej, przez jazz, rock, folk i najwy\u017cszej pr\u00f3by pop. Zobaczymy Kayah, ale i W\u0142odka Pawlika, Korteza i Chopin University Big [&hellip;]<\/p>\n","protected":false},"author":1,"featured_media":17235,"comment_status":"closed","ping_status":"open","sticky":false,"template":"","format":"standard","meta":{"jetpack_post_was_ever_published":false,"_jetpack_newsletter_access":"","_jetpack_dont_email_post_to_subs":false,"_jetpack_newsletter_tier_id":0,"_jetpack_memberships_contains_paywalled_content":false,"_jetpack_memberships_contains_paid_content":false,"footnotes":"","jetpack_publicize_message":"","jetpack_publicize_feature_enabled":true,"jetpack_social_post_already_shared":true,"jetpack_social_options":{"image_generator_settings":{"template":"highway","default_image_id":0,"enabled":false},"version":2}},"categories":[4],"tags":[],"class_list":["post-17233","post","type-post","status-publish","format-standard","has-post-thumbnail","hentry","category-koncerty"],"jetpack_publicize_connections":[],"jetpack_featured_media_url":"http:\/\/muzykabeztajemnic.info.pl\/wp-content\/uploads\/2019\/06\/Lato-z-radiem-Festiwal-2019-oficjalny-plakat.jpg","jetpack_sharing_enabled":true,"jetpack_shortlink":"https:\/\/wp.me\/p67auQ-4tX","_links":{"self":[{"href":"http:\/\/muzykabeztajemnic.info.pl\/index.php?rest_route=\/wp\/v2\/posts\/17233","targetHints":{"allow":["GET"]}}],"collection":[{"href":"http:\/\/muzykabeztajemnic.info.pl\/index.php?rest_route=\/wp\/v2\/posts"}],"about":[{"href":"http:\/\/muzykabeztajemnic.info.pl\/index.php?rest_route=\/wp\/v2\/types\/post"}],"author":[{"embeddable":true,"href":"http:\/\/muzykabeztajemnic.info.pl\/index.php?rest_route=\/wp\/v2\/users\/1"}],"replies":[{"embeddable":true,"href":"http:\/\/muzykabeztajemnic.info.pl\/index.php?rest_route=%2Fwp%2Fv2%2Fcomments&post=17233"}],"version-history":[{"count":0,"href":"http:\/\/muzykabeztajemnic.info.pl\/index.php?rest_route=\/wp\/v2\/posts\/17233\/revisions"}],"wp:featuredmedia":[{"embeddable":true,"href":"http:\/\/muzykabeztajemnic.info.pl\/index.php?rest_route=\/wp\/v2\/media\/17235"}],"wp:attachment":[{"href":"http:\/\/muzykabeztajemnic.info.pl\/index.php?rest_route=%2Fwp%2Fv2%2Fmedia&parent=17233"}],"wp:term":[{"taxonomy":"category","embeddable":true,"href":"http:\/\/muzykabeztajemnic.info.pl\/index.php?rest_route=%2Fwp%2Fv2%2Fcategories&post=17233"},{"taxonomy":"post_tag","embeddable":true,"href":"http:\/\/muzykabeztajemnic.info.pl\/index.php?rest_route=%2Fwp%2Fv2%2Ftags&post=17233"}],"curies":[{"name":"wp","href":"https:\/\/api.w.org\/{rel}","templated":true}]}}