{"id":17194,"date":"2019-06-21T07:17:11","date_gmt":"2019-06-21T07:17:11","guid":{"rendered":"https:\/\/muzykabeztajemnic.info.pl\/?p=17194"},"modified":"2019-06-21T07:21:20","modified_gmt":"2019-06-21T07:21:20","slug":"ania-karwan-wyspiewala-sobie-zwyciestwo-w-koncercie-premier-56-kfpp-w-opolu","status":"publish","type":"post","link":"http:\/\/muzykabeztajemnic.info.pl\/?p=17194","title":{"rendered":"ANIA KARWAN wy\u015bpiewa\u0142a sobie zwyci\u0119stwo w koncercie \u201ePremier\u201d 56.KFPP w Opolu"},"content":{"rendered":"\n<p>Artystka zdoby\u0142a nagrod\u0119  g\u0142\u00f3wn\u0105 jury festiwalu. Odebra\u0142a tak\u017ce nagrod\u0119 ZAIKS-u za najlepsz\u0105  muzyk\u0119 oraz tekst utworu &#8222;S\u0142ucham Ci\u0119 w Radiu Co Tydzie\u0144\u201d.<\/p>\n\n\n\n<p>Utw\u00f3r <a href=\"https:\/\/warnermusic.us11.list-manage.com\/track\/click?u=5707ca9200ef714154dda6f30&amp;id=0135b01ae4&amp;e=f72eb1638a\" target=\"_blank\" rel=\"noreferrer noopener\">\u201eS\u0142ucham Ci\u0119 w Radiu Co Tydzie\u0144\u201d<\/a>\n pochodzi z debiutanckiej p\u0142yty Ani, zatytu\u0142owanej po prostu \u201eAnia \nKarwan\u201d, kt\u00f3ra ukaza\u0142a si\u0119 15 lutego 2019 roku nak\u0142adem 2trackrecords &#8211; \nwytw\u00f3rni Bogdana Kondrackiego, kt\u00f3ry jest r\u00f3wnie\u017c producentem i \nwsp\u00f3\u0142autorem p\u0142yty. Autorami zwyci\u0119skiej kompozycji s\u0105: Ania Karwan, \nTomasz \u015awierk i Bogdan Kondracki, s\u0142owa napisa\u0142a Karolina Kozak wraz z \nAni\u0105 Karwan.<\/p>\n\n\n\n<p>Chwil\u0119  przed festiwalem do sieci trafi\u0142a specjalna, akustyczna wersja piosenki  nagrana dla Vevo. Live sesj\u0119 zrealizowano tzw. mastershotem,  nieprzerwanym \u017cadnym ci\u0119ciem, ani monta\u017cem.<\/p>\n\n\n\n<figure class=\"wp-block-embed-youtube wp-block-embed is-type-video is-provider-youtube wp-embed-aspect-16-9 wp-has-aspect-ratio\"><div class=\"wp-block-embed__wrapper\">\n<iframe loading=\"lazy\" title=\"Ania Karwan - S\u0142ucham Ci\u0119 w Radiu Co Tydzie\u0144 - Live Performance | Vevo\" width=\"800\" height=\"450\" src=\"https:\/\/www.youtube.com\/embed\/JdwUJQkimbU?list=PLkqz3S84Tw-TC6fCZAgo2A1sFR5jv-1dG\" frameborder=\"0\" allow=\"accelerometer; autoplay; clipboard-write; encrypted-media; gyroscope; picture-in-picture; web-share\" referrerpolicy=\"strict-origin-when-cross-origin\" allowfullscreen><\/iframe>\n<\/div><\/figure>\n\n\n\n<p><a rel=\"noreferrer noopener\" href=\"https:\/\/warnermusic.us11.list-manage.com\/track\/click?u=5707ca9200ef714154dda6f30&amp;id=a32e2ee766&amp;e=f72eb1638a\" target=\"_blank\">ZOBACZ TE\u017b WERSJ\u0118 Z POPLISTY PLUS LIVE SESSIONS W RMF FM<\/a><\/p>\n\n\n\n<figure class=\"wp-block-embed-youtube wp-block-embed is-type-video is-provider-youtube wp-embed-aspect-16-9 wp-has-aspect-ratio\"><div class=\"wp-block-embed__wrapper\">\n<iframe loading=\"lazy\" title=\"Ania Karwan - S\u0142ucham Ci\u0119 w Radiu Co Tydzie\u0144 [Official Music Video]\" width=\"800\" height=\"450\" src=\"https:\/\/www.youtube.com\/embed\/pvFXqVWJGeM?feature=oembed\" frameborder=\"0\" allow=\"accelerometer; autoplay; clipboard-write; encrypted-media; gyroscope; picture-in-picture; web-share\" referrerpolicy=\"strict-origin-when-cross-origin\" allowfullscreen><\/iframe>\n<\/div><\/figure>\n\n\n\n<p><a href=\"https:\/\/wmg.lnk.to\/SluchamCieWRadiuCoTydzien\">Pos\u0142uchaj<\/a><\/p>\n\n\n\n<p><a href=\"http:\/\/www.aniakarwan.com\">www.aniakarwan.com<\/a><br> <a href=\"http:\/\/www.facebook.com\/AniaKarwanOfficial\/ \">www.facebook.com\/AniaKarwanOfficial\/ <\/a><br> <a href=\"http:\/\/www.instagram.com\/aniakarwan\/\">www.instagram.com\/aniakarwan\/<\/a><\/p>\n","protected":false},"excerpt":{"rendered":"<p>Artystka zdoby\u0142a nagrod\u0119 g\u0142\u00f3wn\u0105 jury festiwalu. Odebra\u0142a tak\u017ce nagrod\u0119 ZAIKS-u za najlepsz\u0105 muzyk\u0119 oraz tekst utworu &#8222;S\u0142ucham Ci\u0119 w Radiu Co Tydzie\u0144\u201d. Utw\u00f3r \u201eS\u0142ucham Ci\u0119 w Radiu Co Tydzie\u0144\u201d pochodzi z debiutanckiej p\u0142yty Ani, zatytu\u0142owanej po prostu \u201eAnia Karwan\u201d, kt\u00f3ra ukaza\u0142a si\u0119 15 lutego 2019 roku nak\u0142adem 2trackrecords &#8211; wytw\u00f3rni Bogdana Kondrackiego, kt\u00f3ry jest r\u00f3wnie\u017c [&hellip;]<\/p>\n","protected":false},"author":1,"featured_media":0,"comment_status":"closed","ping_status":"open","sticky":false,"template":"","format":"standard","meta":{"jetpack_post_was_ever_published":false,"_jetpack_newsletter_access":"","_jetpack_dont_email_post_to_subs":false,"_jetpack_newsletter_tier_id":0,"_jetpack_memberships_contains_paywalled_content":false,"_jetpack_memberships_contains_paid_content":false,"footnotes":"","jetpack_publicize_message":"","jetpack_publicize_feature_enabled":true,"jetpack_social_post_already_shared":true,"jetpack_social_options":{"image_generator_settings":{"template":"highway","default_image_id":0,"enabled":false},"version":2}},"categories":[1],"tags":[],"class_list":["post-17194","post","type-post","status-publish","format-standard","hentry","category-uncategorized"],"jetpack_publicize_connections":[],"jetpack_featured_media_url":"","jetpack_sharing_enabled":true,"jetpack_shortlink":"https:\/\/wp.me\/p67auQ-4tk","_links":{"self":[{"href":"http:\/\/muzykabeztajemnic.info.pl\/index.php?rest_route=\/wp\/v2\/posts\/17194","targetHints":{"allow":["GET"]}}],"collection":[{"href":"http:\/\/muzykabeztajemnic.info.pl\/index.php?rest_route=\/wp\/v2\/posts"}],"about":[{"href":"http:\/\/muzykabeztajemnic.info.pl\/index.php?rest_route=\/wp\/v2\/types\/post"}],"author":[{"embeddable":true,"href":"http:\/\/muzykabeztajemnic.info.pl\/index.php?rest_route=\/wp\/v2\/users\/1"}],"replies":[{"embeddable":true,"href":"http:\/\/muzykabeztajemnic.info.pl\/index.php?rest_route=%2Fwp%2Fv2%2Fcomments&post=17194"}],"version-history":[{"count":0,"href":"http:\/\/muzykabeztajemnic.info.pl\/index.php?rest_route=\/wp\/v2\/posts\/17194\/revisions"}],"wp:attachment":[{"href":"http:\/\/muzykabeztajemnic.info.pl\/index.php?rest_route=%2Fwp%2Fv2%2Fmedia&parent=17194"}],"wp:term":[{"taxonomy":"category","embeddable":true,"href":"http:\/\/muzykabeztajemnic.info.pl\/index.php?rest_route=%2Fwp%2Fv2%2Fcategories&post=17194"},{"taxonomy":"post_tag","embeddable":true,"href":"http:\/\/muzykabeztajemnic.info.pl\/index.php?rest_route=%2Fwp%2Fv2%2Ftags&post=17194"}],"curies":[{"name":"wp","href":"https:\/\/api.w.org\/{rel}","templated":true}]}}