{"id":17156,"date":"2019-06-17T09:00:16","date_gmt":"2019-06-17T09:00:16","guid":{"rendered":"https:\/\/muzykabeztajemnic.info.pl\/?p=17156"},"modified":"2019-06-17T09:00:21","modified_gmt":"2019-06-17T09:00:21","slug":"wystartowal-pre-order-aneksu-kleszcza-dino-1-singiel-w-sieci","status":"publish","type":"post","link":"http:\/\/muzykabeztajemnic.info.pl\/?p=17156","title":{"rendered":"Wystartowa\u0142 pre-order \u201eAneksu\u201d Kleszcza &#038; DiNO. 1. singiel w sieci!"},"content":{"rendered":"\n<figure class=\"wp-block-image\"><img loading=\"lazy\" decoding=\"async\" width=\"800\" height=\"800\" src=\"https:\/\/muzykabeztajemnic.info.pl\/wp-content\/uploads\/2019\/06\/Kleszcz__DiNO_-_Dzien_swistaka_okladka_singla_projekt_-_Kamil_Bartosz-800x800.jpg\" alt=\"\" class=\"wp-image-17157\" srcset=\"http:\/\/muzykabeztajemnic.info.pl\/wp-content\/uploads\/2019\/06\/Kleszcz__DiNO_-_Dzien_swistaka_okladka_singla_projekt_-_Kamil_Bartosz-800x800.jpg 800w, http:\/\/muzykabeztajemnic.info.pl\/wp-content\/uploads\/2019\/06\/Kleszcz__DiNO_-_Dzien_swistaka_okladka_singla_projekt_-_Kamil_Bartosz-150x150.jpg 150w, http:\/\/muzykabeztajemnic.info.pl\/wp-content\/uploads\/2019\/06\/Kleszcz__DiNO_-_Dzien_swistaka_okladka_singla_projekt_-_Kamil_Bartosz-500x500.jpg 500w, http:\/\/muzykabeztajemnic.info.pl\/wp-content\/uploads\/2019\/06\/Kleszcz__DiNO_-_Dzien_swistaka_okladka_singla_projekt_-_Kamil_Bartosz-768x768.jpg 768w, http:\/\/muzykabeztajemnic.info.pl\/wp-content\/uploads\/2019\/06\/Kleszcz__DiNO_-_Dzien_swistaka_okladka_singla_projekt_-_Kamil_Bartosz.jpg 900w\" sizes=\"auto, (max-width: 800px) 100vw, 800px\" \/><figcaption>okladka singla ,<em>projekt <\/em>&#8211; Kamil Bartosz<\/figcaption><\/figure>\n\n\n\n<p>Fani Kleszcza &amp; DiNO mog\u0105 zaciera\u0107 r\u0119ce. W pi\u0105tek (14.06) na MaxFloRecTV niespodziewanie trafi\u0142 premierowy numer duetu. Singiel \u201eDzie\u0144 \u015bwistaka\u201d zapowiada 3. wsp\u00f3lny kr\u0105\u017cek artyst\u00f3w. Na <a href=\"http:\/\/www.MaxFloSklep.pl\">www.MaxFloSklep.pl<\/a> w\u0142a\u015bnie ruszy\u0142a jego przedsprzeda\u017c! <\/p>\n\n\n\n<p>Dotychczasowa wsp\u00f3\u0142praca Kleszcza &amp; DiNO zaowocowa\u0142a ju\u017c dwoma pe\u0142noprawnymi albumami \u2013 \u201eHorRYM JESTem\u201d oraz \u201eCyrkiem na q\u0142q\u201d. \u201eAneks\u201d to kolejna muzyczna propozycja duetu, a jednocze\u015bnie dope\u0142nienie poprzednich p\u0142yt. Najnowszy singiel zatytu\u0142owany \u201eDzie\u0144 \u015bwistaka\u201d to 1. zwiastun kr\u0105\u017cka. Realizacj\u0105 wideo w ca\u0142o\u015bci zaj\u0105\u0142 si\u0119 Kleszcz.   <\/p>\n\n\n\n<figure class=\"wp-block-embed-youtube wp-block-embed is-type-video is-provider-youtube wp-embed-aspect-16-9 wp-has-aspect-ratio\"><div class=\"wp-block-embed__wrapper\">\n<iframe loading=\"lazy\" title=\"Kleszcz &amp; DiNO - Dzie\u0144 \u015bwistaka | ANEKS\" width=\"800\" height=\"450\" src=\"https:\/\/www.youtube.com\/embed\/rMbh17ffWMk?feature=oembed\" frameborder=\"0\" allow=\"accelerometer; autoplay; clipboard-write; encrypted-media; gyroscope; picture-in-picture; web-share\" referrerpolicy=\"strict-origin-when-cross-origin\" allowfullscreen><\/iframe>\n<\/div><\/figure>\n\n\n\n<p>Arty\u015bci zapowiadaj\u0105, \u017ce nadchodz\u0105cy kr\u0105\u017cek b\u0119dzie zamkni\u0119ciem pewnego etapu. \u2212 Styl \u201eAneksu\u201d w bezpo\u015bredni spos\u00f3b nawi\u0105zuje do tego, czym dotychczas cz\u0119stowali\u015bmy naszych fan\u00f3w. Mamy ju\u017c jednak poczucie, \u017ce muzycznie doszli\u015bmy do pewnej granicy i kolejnymi projektami p\u00f3jdziemy o krok dalej \u2013 t\u0142umacz\u0105. <\/p>\n\n\n\n<p>\u201eAneks\u201d Kleszcza i DiNO dost\u0119pny jest ju\u017c pod adresem: <a href=\"https:\/\/maxflosklep.pl\/pl\/p\/Kleszcz-DiNO-ANEKS-PREORDER\/944?preview=true\">https:\/\/maxflosklep.pl\/pl\/p\/Kleszcz-DiNO-ANEKS-PREORDER\/944?preview=true<\/a>. Decyduj\u0105c si\u0119 na zakup przed premier\u0105, mo\u017cna liczy\u0107 na: ni\u017csz\u0105 cen\u0119, autografy artyst\u00f3w oraz prezent niespodziank\u0119. <\/p>\n\n\n\n<p>Tekst: Anna Grabowska (MaxFloRec)<\/p>\n","protected":false},"excerpt":{"rendered":"<p>Fani Kleszcza &amp; DiNO mog\u0105 zaciera\u0107 r\u0119ce. W pi\u0105tek (14.06) na MaxFloRecTV niespodziewanie trafi\u0142 premierowy numer duetu. Singiel \u201eDzie\u0144 \u015bwistaka\u201d zapowiada 3. wsp\u00f3lny kr\u0105\u017cek artyst\u00f3w. Na www.MaxFloSklep.pl w\u0142a\u015bnie ruszy\u0142a jego przedsprzeda\u017c! Dotychczasowa wsp\u00f3\u0142praca Kleszcza &amp; DiNO zaowocowa\u0142a ju\u017c dwoma pe\u0142noprawnymi albumami \u2013 \u201eHorRYM JESTem\u201d oraz \u201eCyrkiem na q\u0142q\u201d. \u201eAneks\u201d to kolejna muzyczna propozycja duetu, a [&hellip;]<\/p>\n","protected":false},"author":1,"featured_media":17157,"comment_status":"closed","ping_status":"open","sticky":false,"template":"","format":"standard","meta":{"jetpack_post_was_ever_published":false,"_jetpack_newsletter_access":"","_jetpack_dont_email_post_to_subs":false,"_jetpack_newsletter_tier_id":0,"_jetpack_memberships_contains_paywalled_content":false,"_jetpack_memberships_contains_paid_content":false,"footnotes":"","jetpack_publicize_message":"","jetpack_publicize_feature_enabled":true,"jetpack_social_post_already_shared":true,"jetpack_social_options":{"image_generator_settings":{"template":"highway","default_image_id":0,"enabled":false},"version":2}},"categories":[1],"tags":[],"class_list":["post-17156","post","type-post","status-publish","format-standard","has-post-thumbnail","hentry","category-uncategorized"],"jetpack_publicize_connections":[],"jetpack_featured_media_url":"http:\/\/muzykabeztajemnic.info.pl\/wp-content\/uploads\/2019\/06\/Kleszcz__DiNO_-_Dzien_swistaka_okladka_singla_projekt_-_Kamil_Bartosz.jpg","jetpack_sharing_enabled":true,"jetpack_shortlink":"https:\/\/wp.me\/p67auQ-4sI","_links":{"self":[{"href":"http:\/\/muzykabeztajemnic.info.pl\/index.php?rest_route=\/wp\/v2\/posts\/17156","targetHints":{"allow":["GET"]}}],"collection":[{"href":"http:\/\/muzykabeztajemnic.info.pl\/index.php?rest_route=\/wp\/v2\/posts"}],"about":[{"href":"http:\/\/muzykabeztajemnic.info.pl\/index.php?rest_route=\/wp\/v2\/types\/post"}],"author":[{"embeddable":true,"href":"http:\/\/muzykabeztajemnic.info.pl\/index.php?rest_route=\/wp\/v2\/users\/1"}],"replies":[{"embeddable":true,"href":"http:\/\/muzykabeztajemnic.info.pl\/index.php?rest_route=%2Fwp%2Fv2%2Fcomments&post=17156"}],"version-history":[{"count":0,"href":"http:\/\/muzykabeztajemnic.info.pl\/index.php?rest_route=\/wp\/v2\/posts\/17156\/revisions"}],"wp:featuredmedia":[{"embeddable":true,"href":"http:\/\/muzykabeztajemnic.info.pl\/index.php?rest_route=\/wp\/v2\/media\/17157"}],"wp:attachment":[{"href":"http:\/\/muzykabeztajemnic.info.pl\/index.php?rest_route=%2Fwp%2Fv2%2Fmedia&parent=17156"}],"wp:term":[{"taxonomy":"category","embeddable":true,"href":"http:\/\/muzykabeztajemnic.info.pl\/index.php?rest_route=%2Fwp%2Fv2%2Fcategories&post=17156"},{"taxonomy":"post_tag","embeddable":true,"href":"http:\/\/muzykabeztajemnic.info.pl\/index.php?rest_route=%2Fwp%2Fv2%2Ftags&post=17156"}],"curies":[{"name":"wp","href":"https:\/\/api.w.org\/{rel}","templated":true}]}}