{"id":17152,"date":"2019-06-17T08:57:47","date_gmt":"2019-06-17T08:57:47","guid":{"rendered":"https:\/\/muzykabeztajemnic.info.pl\/?p=17152"},"modified":"2019-06-17T08:57:53","modified_gmt":"2019-06-17T08:57:53","slug":"nowy-utwor-gwiazdy-mystic-festival","status":"publish","type":"post","link":"http:\/\/muzykabeztajemnic.info.pl\/?p=17152","title":{"rendered":"NOWY UTW\u00d3R GWIAZDY MYSTIC FESTIVAL"},"content":{"rendered":"\n<figure class=\"wp-block-image\"><img loading=\"lazy\" decoding=\"async\" width=\"407\" height=\"407\" src=\"https:\/\/muzykabeztajemnic.info.pl\/wp-content\/uploads\/2019\/06\/image002.jpg\" alt=\"\" class=\"wp-image-17153\" srcset=\"http:\/\/muzykabeztajemnic.info.pl\/wp-content\/uploads\/2019\/06\/image002.jpg 407w, http:\/\/muzykabeztajemnic.info.pl\/wp-content\/uploads\/2019\/06\/image002-150x150.jpg 150w\" sizes=\"auto, (max-width: 407px) 100vw, 407px\" \/><\/figure>\n\n\n\n<p>Gwiazda tegorocznej edycji Mystic Festival, szwedzcy heavy metalowcy z Sabaton opublikowali nowy kawa\u0142ek zatytu\u0142owany \u201eThe Red Baron\u201d. <\/p>\n\n\n\n<p>Bohaterem\n utworu jest legendarny niemiecki as przestworzy, kt\u00f3ry walczy\u0142 w I \nwojnie \u015bwiatowej \u2013 Manfred Albrecht Freiherr von Richthofen, znany jako \n\u201eThe Red Baron\u201d. Numer pochodzi z nowego albumu grupy \u201eThe Great War\u201d, \nkt\u00f3rego premiera zosta\u0142a zapowiedziana na 19 lipca 2019. Wydawnictwo \nb\u0119dzie konceptem albumem po\u015bwi\u0119conym pierwszej wojnie \u015bwiatowej. <br>Utworu mo\u017cna pos\u0142ucha\u0107 tutaj:<\/p>\n\n\n\n<figure class=\"wp-block-embed-youtube wp-block-embed is-type-video is-provider-youtube wp-embed-aspect-16-9 wp-has-aspect-ratio\"><div class=\"wp-block-embed__wrapper\">\n<iframe loading=\"lazy\" title=\"SABATON - The Red Baron (Official Lyric Video)\" width=\"800\" height=\"450\" src=\"https:\/\/www.youtube.com\/embed\/3PXzgXBRM_k?feature=oembed\" frameborder=\"0\" allow=\"accelerometer; autoplay; clipboard-write; encrypted-media; gyroscope; picture-in-picture; web-share\" referrerpolicy=\"strict-origin-when-cross-origin\" allowfullscreen><\/iframe>\n<\/div><\/figure>\n\n\n\n<p>Tracklista albumu \u201eThe Great War\u201d:<\/p>\n\n\n\n<ol class=\"wp-block-list\"><li>The Future Of Warfare<\/li><li>Seven Pillars Of Wisdom<\/li><li>82nd All The Way<\/li><li>The Attack Of The Dead Men<\/li><li>Devil Dogs<\/li><li>The Red Baron<\/li><li>Great War<\/li><li>A Ghost In The Trenches<\/li><li>Fields Of Verdun<\/li><li>The End Of The War To End All Wars<\/li><li>In Flanders Fields<\/li><\/ol>\n\n\n\n<p>Album \u201eThe Great War\u201d mo\u017cna zam\u00f3wi\u0107 pod poni\u017cszym linkiem: <\/p>\n\n\n\n<figure class=\"wp-block-embed\"><div class=\"wp-block-embed__wrapper\">\nhttp:\/\/bit.ly\/SabatonGWar\n<\/div><\/figure>\n\n\n\n<p><strong>MYSTIC FESTIVAL <\/strong>to najwi\u0119kszy festiwal metalowy w Polsce. Tegoroczna edycja odb\u0119dzie si\u0119 <strong>25 <\/strong>i <strong>26 czerwca<\/strong> w<strong> TAURON Arenie Krak\u00f3w<\/strong> oraz w otaczaj\u0105cym hal\u0119 <strong>Parku Lotnik\u00f3w<\/strong>. <\/p>\n\n\n\n<p>Pe\u0142ny line-up <strong>MYSTIC FESTIVAL 2019<\/strong>: <\/p>\n\n\n\n<p>Dzie\u0144 pierwszy (25 czerwca):<\/p>\n\n\n\n<p><strong>SLIPKNOT <\/strong><\/p>\n\n\n\n<p><strong>AMON AMARTH<\/strong><\/p>\n\n\n\n<p><strong>TESTAMENT<\/strong><\/p>\n\n\n\n<p><strong>ELUVEITIE<\/strong><\/p>\n\n\n\n<p><strong>JINJER<\/strong><\/p>\n\n\n\n<p><strong>IN FLAMES<\/strong><\/p>\n\n\n\n<p><strong>POWERWOLF<\/strong><\/p>\n\n\n\n<p><strong>SOULFLY<\/strong><\/p>\n\n\n\n<p><strong>VLTIMAS <\/strong><\/p>\n\n\n\n<p><strong>OMNIUM GATHERUM<\/strong><\/p>\n\n\n\n<p><strong>BATUSHKA<\/strong><\/p>\n\n\n\n<p><strong>POSSESSED<\/strong><\/p>\n\n\n\n<p><strong>IN TWILIGHT&#8217;S EMBRACE<\/strong><\/p>\n\n\n\n<p><strong>POWER TRIP<\/strong><\/p>\n\n\n\n<p>Dzie\u0144 drugi: (26 czerwca):<\/p>\n\n\n\n<p><strong>WITHIN TEMPTATION <\/strong><\/p>\n\n\n\n<p><strong>HATEBREED<\/strong><\/p>\n\n\n\n<p><strong>FROG LEAP<\/strong><\/p>\n\n\n\n<p><strong>TRIVIUM<\/strong><\/p>\n\n\n\n<p><strong>SABATON<\/strong><\/p>\n\n\n\n<p><strong>CARCASS<\/strong><\/p>\n\n\n\n<p><strong>KING DIAMOND<\/strong><\/p>\n\n\n\n<p><strong>IMMOLATION<\/strong><\/p>\n\n\n\n<p><strong>CROWBAR<\/strong><\/p>\n\n\n\n<p><strong>MUNICIPAL WASTE <\/strong><\/p>\n\n\n\n<p><strong>GRAND MAGUS<\/strong><\/p>\n\n\n\n<p><strong>LOST SOCIETY<\/strong><\/p>\n\n\n\n<p><strong>ENTROPIA<\/strong><\/p>\n\n\n\n<p><strong>EMPEROR<\/strong><\/p>\n\n\n\n<p>Bilety na <strong>Mystic Festival<\/strong> s\u0105 dost\u0119pne na:<\/p>\n\n\n\n<p><a href=\"http:\/\/www.mysticfestival.pl\/\">www.mysticfestival.pl<\/a> (druki kolekcjonerskie) oraz <\/p>\n\n\n\n<p><a href=\"http:\/\/www.eventim.pl\/\">www.eventim.pl<\/a><strong><br><br>Ceny bilet\u00f3w jednodniowych:<\/strong><\/p>\n\n\n\n<p>P\u0142yta \u2013 319 z\u0142<\/p>\n\n\n\n<p>Siedz\u0105ce poziom A \u2013 359 z\u0142<\/p>\n\n\n\n<p>Siedz\u0105ce poziom C \u2013 279 z\u0142<\/p>\n\n\n\n<p><strong>Ceny karnet\u00f3w 2-dniowych:<\/strong><\/p>\n\n\n\n<p>P\u0142yta \u2013 509 z\u0142<br>Sektory A \u2013 559 z\u0142<br>Sektory C \u2013 459 z\u0142<\/p>\n\n\n\n<p><strong>Ceny karnet\u00f3w VIP<\/strong> <strong>\u2013<\/strong> <strong>999 z\u0142<\/strong><br>Karnet VIP zawiera:<br>&#8211;\n wej\u015bcie na teren imprezy w oba dni festiwalowe, miejsce numerowane na \nsektorze B4 lub B5 (miejsce jest przydzielane przez organizatora wed\u0142ug \nkolejno\u015bci zam\u00f3wie\u0144) wewn\u0105trz Tauron Arena Krak\u00f3w<br>&#8211; dost\u0119p do specjalnej strefy restauracyjnej (wewn\u0105trz Tauron Arena Krak\u00f3w)<br>&#8211; open bar (piwo, wino, napoje, woda)<br>&#8211; zimne i cieple przek\u0105ski typu finger food<br>&#8211; zestaw gad\u017cet\u00f3w festiwalowych &#8211; koszulka, torba eco oraz unikatowy plakat<br>&#8211; bilet kolekcjonerski, kt\u00f3ry otrzymasz na festiwalu<br><br>Bilety kolekcjonerskie na p\u0142yt\u0119 (karnety oraz jednodniowe) oraz karnety VIP dost\u0119pne s\u0105 wy\u0142\u0105cznie na tickets.mysticfestival.pl <br>Numerowane bilety na trybuny siedz\u0105ce (karnety oraz jednodniowe) dost\u0119pne s\u0105 wy\u0142\u0105cznie na eventim.pl<br><br>P\u0142yta nie b\u0119dzie podzielona na stref\u0119 Golden Circle czy Early Birds.<\/p>\n\n\n\n<p><strong>SABATON (Szwecja) heavy metal, power metal:<\/strong><\/p>\n\n\n\n<p>Szwedzkie miasto Falun s\u0142ynie ze sport\u00f3w zimowych, ale nie tylko. W 1999 roku powsta\u0142 tam zesp\u00f3\u0142, kt\u00f3ry par\u0119 lat sta\u0142 si\u0119 jednym z najwi\u0119kszych towar\u00f3w eksportowych Szwecji i jednym z najbardziej uwielbianych metalowych wykonawc\u00f3w w Polsce. Przez blisko 20 lat istnienia kapela dowodzona nieprzerwanie przez Joakima Brod\u00e9na i P\u00e4ra Sundstr\u00f6ma wyst\u0105pi\u0142a u nas wiele razy i zdoby\u0142a tysi\u0105ce fan\u00f3w. Du\u017c\u0105 rol\u0119 odegra\u0142y w tym kapitalne koncerty Sabaton, lecz r\u00f3wnie\u017c to, \u017ce Szwedzi w pi\u0119kny spos\u00f3b\n oddali ho\u0142d wydarzeniom i osobom z historii Polski, chocia\u017cby walcz\u0105cym\n pod Wizn\u0105, Powstaniu Warszawskiemu i rotmistrzowi Witoldowi Pileckiemu.\n Nie bez znaczenia jest te\u017c ogromna charyzma sceniczna Joakima. <\/p>\n\n\n\n<p>W Polsce Sabaton by\u0142 przyjmowany przez ministra obrony, kr\u0119ci\u0142 u nas teledysk z udzia\u0142em s\u0142ynnego aktora Petera Stormare (<a href=\"http:\/\/m.in\/\">m.in<\/a>. film &#8222;Fargo&#8221;, serial &#8222;Prison Break&#8221;), a tak\u017ce DVD na Przystanku Woodstock, gdzie koncert Szwed\u00f3w podziwia\u0142o ponad p\u00f3\u0142 miliona fan\u00f3w!\n Sabaton to swego rodzaju muzyczny leksykon wydarze\u0144 z historii \u015bwiata, \ng\u0142\u00f3wnie wojen i bitew. I zapewne najfajniejsi nauczyciele historii w\u015br\u00f3d muzyk\u00f3w. Dorobek studyjny kapeli zamyka na razie wydany w 2016 roku album &#8222;The Last Stand&#8221;, na kt\u00f3rym \u015bpiewaj\u0105 o bitwie pod Wiedniem, konkretnie o ataku husarii. Opr\u00f3cz koncertu mo\u017cna te\u017c by\u0107 pewnym spotkania z muzykami, bo tego Szwedzi podczas tourn\u00e9e nigdy nie zaniedbuj\u0105. <\/p>\n\n\n\n<p>Sprawd\u017a, je\u015bli lubisz: <strong>Accept, Iron Maiden, Judas Priest, Grave Digger, Powerwolf, Primal Fear.<\/strong><\/p>\n\n\n\n<p><a href=\"http:\/\/www.facebook.com\/MysticFestival2019\/\">www.facebook.com\/MysticFestival2019\/<\/a><\/p>\n\n\n\n<p><a href=\"https:\/\/www.instagram.com\/festivalmystic\/\">www.instagram.com\/festivalmystic\/<\/a><\/p>\n\n\n\n<p><a href=\"http:\/\/www.mysticfestival.pl\/\">www.mysticfestival.pl<\/a> <\/p>\n","protected":false},"excerpt":{"rendered":"<p>Gwiazda tegorocznej edycji Mystic Festival, szwedzcy heavy metalowcy z Sabaton opublikowali nowy kawa\u0142ek zatytu\u0142owany \u201eThe Red Baron\u201d. Bohaterem utworu jest legendarny niemiecki as przestworzy, kt\u00f3ry walczy\u0142 w I wojnie \u015bwiatowej \u2013 Manfred Albrecht Freiherr von Richthofen, znany jako \u201eThe Red Baron\u201d. Numer pochodzi z nowego albumu grupy \u201eThe Great War\u201d, kt\u00f3rego premiera zosta\u0142a zapowiedziana na [&hellip;]<\/p>\n","protected":false},"author":1,"featured_media":17153,"comment_status":"closed","ping_status":"open","sticky":false,"template":"","format":"standard","meta":{"jetpack_post_was_ever_published":false,"_jetpack_newsletter_access":"","_jetpack_dont_email_post_to_subs":false,"_jetpack_newsletter_tier_id":0,"_jetpack_memberships_contains_paywalled_content":false,"_jetpack_memberships_contains_paid_content":false,"footnotes":"","jetpack_publicize_message":"","jetpack_publicize_feature_enabled":true,"jetpack_social_post_already_shared":true,"jetpack_social_options":{"image_generator_settings":{"template":"highway","default_image_id":0,"enabled":false},"version":2}},"categories":[1],"tags":[],"class_list":["post-17152","post","type-post","status-publish","format-standard","has-post-thumbnail","hentry","category-uncategorized"],"jetpack_publicize_connections":[],"jetpack_featured_media_url":"http:\/\/muzykabeztajemnic.info.pl\/wp-content\/uploads\/2019\/06\/image002.jpg","jetpack_sharing_enabled":true,"jetpack_shortlink":"https:\/\/wp.me\/p67auQ-4sE","_links":{"self":[{"href":"http:\/\/muzykabeztajemnic.info.pl\/index.php?rest_route=\/wp\/v2\/posts\/17152","targetHints":{"allow":["GET"]}}],"collection":[{"href":"http:\/\/muzykabeztajemnic.info.pl\/index.php?rest_route=\/wp\/v2\/posts"}],"about":[{"href":"http:\/\/muzykabeztajemnic.info.pl\/index.php?rest_route=\/wp\/v2\/types\/post"}],"author":[{"embeddable":true,"href":"http:\/\/muzykabeztajemnic.info.pl\/index.php?rest_route=\/wp\/v2\/users\/1"}],"replies":[{"embeddable":true,"href":"http:\/\/muzykabeztajemnic.info.pl\/index.php?rest_route=%2Fwp%2Fv2%2Fcomments&post=17152"}],"version-history":[{"count":0,"href":"http:\/\/muzykabeztajemnic.info.pl\/index.php?rest_route=\/wp\/v2\/posts\/17152\/revisions"}],"wp:featuredmedia":[{"embeddable":true,"href":"http:\/\/muzykabeztajemnic.info.pl\/index.php?rest_route=\/wp\/v2\/media\/17153"}],"wp:attachment":[{"href":"http:\/\/muzykabeztajemnic.info.pl\/index.php?rest_route=%2Fwp%2Fv2%2Fmedia&parent=17152"}],"wp:term":[{"taxonomy":"category","embeddable":true,"href":"http:\/\/muzykabeztajemnic.info.pl\/index.php?rest_route=%2Fwp%2Fv2%2Fcategories&post=17152"},{"taxonomy":"post_tag","embeddable":true,"href":"http:\/\/muzykabeztajemnic.info.pl\/index.php?rest_route=%2Fwp%2Fv2%2Ftags&post=17152"}],"curies":[{"name":"wp","href":"https:\/\/api.w.org\/{rel}","templated":true}]}}