{"id":17141,"date":"2019-06-13T16:51:03","date_gmt":"2019-06-13T16:51:03","guid":{"rendered":"https:\/\/muzykabeztajemnic.info.pl\/?p=17141"},"modified":"2019-06-13T16:51:08","modified_gmt":"2019-06-13T16:51:08","slug":"mela-koteluk-gosciem-specjalnym-gali-finalowej-plebiscytu-nieprzecietni-2019","status":"publish","type":"post","link":"http:\/\/muzykabeztajemnic.info.pl\/?p=17141","title":{"rendered":"MELA KOTELUK GO\u015aCIEM SPECJALNYM GALI FINA\u0141OWEJ PLEBISCYTU \u201eNIEPRZECI\u0118TNI 2019\u201d"},"content":{"rendered":"\n<figure class=\"wp-block-image is-resized\"><img loading=\"lazy\" decoding=\"async\" src=\"https:\/\/muzykabeztajemnic.info.pl\/wp-content\/uploads\/2019\/06\/image-7.png\" alt=\"\" class=\"wp-image-17142\" width=\"430\" height=\"226\"\/><\/figure>\n\n\n\n<p><strong>We wtorek 18 czerwca o godz. 18.00 w Studiu Koncertowym Polskiego Radia im. W\u0142adys\u0142awa Szpilmana odb\u0119dzie si\u0119\n Gala Fina\u0142owa Plebiscytu \u201eNieprzeci\u0119tni 2019\u201d radiowej Czw\u00f3rki. Podczas uroczysto\u015bci og\u0142oszony zostanie tegoroczny zwyci\u0119zca. Podczas fina\u0142u wyst\u0105pi Marta Zalewska, laureatka konkursu radiowej Czw\u00f3rki \u201eB\u0119dzie g\u0142o\u015bno!\u201d i jurorka Plebiscytu, a wiecz\u00f3r zako\u0144czy\n koncert innej jurorki &#8211; Meli Koteluk. Ca\u0142a uroczysto\u015b\u0107 b\u0119dzie transmitowana&nbsp;na&nbsp;antenie Czw\u00f3rki oraz w streamingu video na portalu\n<a href=\"http:\/\/www.czworka.online\">www.czworka.online<\/a> i na facebooku. Wej\u015bci\u00f3wki na to wyj\u0105tkowe wydarzenie mo\u017cna zdoby\u0107 s\u0142uchaj\u0105c Czw\u00f3rki oraz na fan page\u2019u stacji.\n<\/strong><\/p>\n\n\n\n<p>\nPlebiscyt\n \u201eNieprzeci\u0119tni 2019\u201d dobiega ko\u0144ca. Zwyci\u0119zca og\u0142oszony zostanie podczas <strong>Gali fina\u0142owej\n<\/strong>w&nbsp;dniu<strong> 18 czerwca <\/strong>w Studiu Koncertowym Polskiego Radia im. W\u0142adys\u0142awa Szpilmana. Od 21 marca do 28 kwietnia s\u0142uchacze radiowej Czw\u00f3rki mogli zg\u0142asza\u0107 swoich kandydat\u00f3w. 20 maja jury wy\u0142oni\u0142o 10 finalist\u00f3w, spo\u015br\u00f3d kt\u00f3rych s\u0142uchacze wytypowali swojego\n faworyta. W tym roku oddano prawie 60 tysi\u0119cy g\u0142os\u00f3w. &nbsp;<\/p>\n\n\n\n<p>\n\u2013 <em>Plebiscyt Nieprzeci\u0119tni radiowej Czw\u00f3rki cieszy si\u0119 ogromn\u0105 popularno\u015bci\u0105, ju\u017c nie tylko w\u015br\u00f3d s\u0142uchaczy radiowej Czw\u00f3rki. Popularno\u015b\u0107 akcji wida\u0107 w internecie, na wielu portalach, social mediach prywatnych, jak i uczelni, szk\u00f3\u0142, dom\u00f3w kultury i wielu\n innych instytucji. W tym roku pad\u0142 rekord: w&nbsp;g\u0142osowaniu oddano <strong>a\u017c 60&nbsp;000 g\u0142os\u00f3w<\/strong>. To dla nas, i przede wszystkim, dla laureat\u00f3w bardzo buduj\u0105ce. Wszystkim bardzo dzi\u0119kujemy i b\u0105d\u017acie z nami podczas gali fina\u0142owej osobi\u015bcie lub s\u0142uchaj\u0105c Czw\u00f3rki<\/em> \u2013\n m\u00f3wi <strong>Hanna Do\u0142\u0119gowska<\/strong>, Dyrektor radiowej Czw\u00f3rki. <\/p>\n\n\n\n<p>\nGospodarzami gali fina\u0142owej Plebiscytu \u201eNieprzeci\u0119tni\u201d b\u0119d\u0105 znani z anteny Czw\u00f3rki:\n<strong>Kasia Dydo-Ros\u0142o\u0144 i Kuba Marcinowicz. <\/strong>Opr\u00f3cz juror\u00f3w i dziesi\u0119ciu finalist\u00f3w, tego wieczoru na scenie pojawi si\u0119\n<strong>Marta Zalewska<\/strong>, jurorka Plebiscytu, laureatka konkursu radiowej Czw\u00f3rki \u201eB\u0119dzie g\u0142o\u015bno!\u201d, kt\u00f3ra niedawno, dzi\u0119ki radiowej Czw\u00f3rce wyda\u0142a debiutanck\u0105 p\u0142yt\u0119 \u201eMarta Zalewska\u201d oraz\n<strong>Mela Koteluk<\/strong> \u2013r\u00f3wnie\u017c jurorka, kt\u00f3ra zagra specjalny koncert. Ca\u0142a uroczysto\u015b\u0107 wraz z&nbsp;wyst\u0119pami gwiazd b\u0119dzie transmitowana na antenie Czw\u00f3rki oraz w streamingu video na portalu\n<a href=\"http:\/\/www.czworka.online\">www.czworka.online<\/a> i na facebooku. Wej\u015bci\u00f3wki na to wyj\u0105tkowe wydarzenie mo\u017cna zdoby\u0107 s\u0142uchaj\u0105c Czw\u00f3rki oraz na fan page\u2019u stacji.<\/p>\n\n\n\n<p>\n***<\/p>\n\n\n\n<p>\nPlebiscyt \u201eNIEPRZECI\u0118TNI 2019\u201d wystartowa\u0142 21 marca. Projekt skierowany jest do m\u0142odych ludzi, kt\u00f3rzy na co dzie\u0144 podejmuj\u0105 nietypowe dzia\u0142ania, maj\u0105 niebanalne zainteresowania, tworz\u0105 nieoczywiste rzeczy, przez co mo\u017cna okre\u015bli\u0107 ich \u201enieprzeci\u0119tnymi\u201d. Nietuzinkowe,\n jak co roku, jest tak\u017ce <strong>jury<\/strong>, w sk\u0142ad kt\u00f3rego wchodz\u0105 osoby znane powszechnie z tego, jak skutecznie i z sukcesem realizuj\u0105 swoje pasje. W tym roku s\u0105 to\n<strong>Andrzej Bargiel<\/strong> \u2013 skialpinista, jedyny cz\u0142owiek w historii, kt\u00f3ry zjecha\u0142 na nartach z wierzcho\u0142k\u00f3w K2 i Broad Peak;\n<strong>Mela Koteluk <\/strong>\u2013 laureatka Fryderyka 2018 za najlepszy album pop alternatywny, od lat konsekwentnie realizuj\u0105ca w\u0142asn\u0105 \u015bcie\u017ck\u0119 muzyczn\u0105;\n<strong>Orina Krajewska<\/strong> \u2013 aktorka, a przede wszystkim prezes Fundacji \u201eB\u0105d\u017a\u201d im. Ma\u0142gorzaty Braunek, kt\u00f3ra odwa\u017cnie i wbrew stereotypom zacz\u0119\u0142a m\u00f3wi\u0107 i dzia\u0142a\u0107 na rzecz holistycznego leczenia nowotwor\u00f3w w Polsce. W sk\u0142adzie kapitu\u0142y plebiscytu zasiedli tak\u017ce:\n<strong>Micha\u0142 Bra\u0144ka &#8211; \u201eNieprzeci\u0119tny 2018\u201d,<\/strong> instruktor teatralny i pedagog, <strong>Dariusz Aksamit<\/strong> &#8211; fizyk medyczny, Rzecznik Nauki ,\n<strong>Rafa\u0142 G\u0119bura<\/strong> autor internetowego talk-show \u201e7 metr\u00f3w pod ziemi\u0105\u201d, <strong>Daria \u0141adocha<\/strong> \u2013 dziennikarka i coach zdrowia,\n<strong>Marta Zalewska<\/strong> \u2013 multiinstrumentalistka, zwyci\u0119\u017cczyni konkursu Wydaj p\u0142yt\u0119 z B\u0119dzie G\u0142o\u015bno\u201d w Czw\u00f3rce. Przewodnicz\u0105c\u0105 jury jest\n<strong>Hanna Do\u0142\u0119gowska \u2013 Dyrektorka Czw\u00f3rki<\/strong>.<\/p>\n\n\n\n<p>\nLink do wydarzenia na Facebooku: <a href=\"https:\/\/pl-pl.facebook.com\/events\/1604190166351389\/\">https:\/\/pl-pl.facebook.com\/events\/1604190166351389\/<\/a>\n<\/p>\n\n\n\n<p>\nLink do oficjalnej strony Plebiscytu NIEPRZECI\u0118TNI: \n<a href=\"http:\/\/nieprzecietni.polskieradio.pl\/\">http:\/\/nieprzecietni.polskieradio.pl<\/a><\/p>\n","protected":false},"excerpt":{"rendered":"<p>We wtorek 18 czerwca o godz. 18.00 w Studiu Koncertowym Polskiego Radia im. W\u0142adys\u0142awa Szpilmana odb\u0119dzie si\u0119 Gala Fina\u0142owa Plebiscytu \u201eNieprzeci\u0119tni 2019\u201d radiowej Czw\u00f3rki. Podczas uroczysto\u015bci og\u0142oszony zostanie tegoroczny zwyci\u0119zca. Podczas fina\u0142u wyst\u0105pi Marta Zalewska, laureatka konkursu radiowej Czw\u00f3rki \u201eB\u0119dzie g\u0142o\u015bno!\u201d i jurorka Plebiscytu, a wiecz\u00f3r zako\u0144czy koncert innej jurorki &#8211; Meli Koteluk. Ca\u0142a uroczysto\u015b\u0107 [&hellip;]<\/p>\n","protected":false},"author":1,"featured_media":17142,"comment_status":"closed","ping_status":"open","sticky":false,"template":"","format":"standard","meta":{"jetpack_post_was_ever_published":false,"_jetpack_newsletter_access":"","_jetpack_dont_email_post_to_subs":false,"_jetpack_newsletter_tier_id":0,"_jetpack_memberships_contains_paywalled_content":false,"_jetpack_memberships_contains_paid_content":false,"footnotes":"","jetpack_publicize_message":"","jetpack_publicize_feature_enabled":true,"jetpack_social_post_already_shared":true,"jetpack_social_options":{"image_generator_settings":{"template":"highway","default_image_id":0,"enabled":false},"version":2}},"categories":[1],"tags":[],"class_list":["post-17141","post","type-post","status-publish","format-standard","has-post-thumbnail","hentry","category-uncategorized"],"jetpack_publicize_connections":[],"jetpack_featured_media_url":"http:\/\/muzykabeztajemnic.info.pl\/wp-content\/uploads\/2019\/06\/image-7.png","jetpack_sharing_enabled":true,"jetpack_shortlink":"https:\/\/wp.me\/p67auQ-4st","_links":{"self":[{"href":"http:\/\/muzykabeztajemnic.info.pl\/index.php?rest_route=\/wp\/v2\/posts\/17141","targetHints":{"allow":["GET"]}}],"collection":[{"href":"http:\/\/muzykabeztajemnic.info.pl\/index.php?rest_route=\/wp\/v2\/posts"}],"about":[{"href":"http:\/\/muzykabeztajemnic.info.pl\/index.php?rest_route=\/wp\/v2\/types\/post"}],"author":[{"embeddable":true,"href":"http:\/\/muzykabeztajemnic.info.pl\/index.php?rest_route=\/wp\/v2\/users\/1"}],"replies":[{"embeddable":true,"href":"http:\/\/muzykabeztajemnic.info.pl\/index.php?rest_route=%2Fwp%2Fv2%2Fcomments&post=17141"}],"version-history":[{"count":0,"href":"http:\/\/muzykabeztajemnic.info.pl\/index.php?rest_route=\/wp\/v2\/posts\/17141\/revisions"}],"wp:featuredmedia":[{"embeddable":true,"href":"http:\/\/muzykabeztajemnic.info.pl\/index.php?rest_route=\/wp\/v2\/media\/17142"}],"wp:attachment":[{"href":"http:\/\/muzykabeztajemnic.info.pl\/index.php?rest_route=%2Fwp%2Fv2%2Fmedia&parent=17141"}],"wp:term":[{"taxonomy":"category","embeddable":true,"href":"http:\/\/muzykabeztajemnic.info.pl\/index.php?rest_route=%2Fwp%2Fv2%2Fcategories&post=17141"},{"taxonomy":"post_tag","embeddable":true,"href":"http:\/\/muzykabeztajemnic.info.pl\/index.php?rest_route=%2Fwp%2Fv2%2Ftags&post=17141"}],"curies":[{"name":"wp","href":"https:\/\/api.w.org\/{rel}","templated":true}]}}