{"id":1683,"date":"2015-09-17T19:47:33","date_gmt":"2015-09-17T19:47:33","guid":{"rendered":"http:\/\/muzykabeztajemnic.info.pl\/?p=1683"},"modified":"2015-09-17T19:47:33","modified_gmt":"2015-09-17T19:47:33","slug":"krolowa-fado-zapowiada-nowy-album-zobacz-teledysk-do-piosenki-marizy-paixao","status":"publish","type":"post","link":"http:\/\/muzykabeztajemnic.info.pl\/?p=1683","title":{"rendered":"Kr\u00f3lowa fado zapowiada nowy album. Zobacz teledysk do piosenki Marizy Paixao!"},"content":{"rendered":"<p><a href=\"http:\/\/muzykabeztajemnic.info.pl\/wp-content\/uploads\/2015\/09\/AF-Capa-Mariza-Mundo-1400x1400_S-2.jpg\"><img loading=\"lazy\" decoding=\"async\" class=\"alignnone size-large wp-image-1684\" src=\"http:\/\/muzykabeztajemnic.info.pl\/wp-content\/uploads\/2015\/09\/AF-Capa-Mariza-Mundo-1400x1400_S-2-600x600.jpg\" alt=\"AF-Capa-Mariza-Mundo-1400x1400_S-2\" width=\"600\" height=\"600\" srcset=\"http:\/\/muzykabeztajemnic.info.pl\/wp-content\/uploads\/2015\/09\/AF-Capa-Mariza-Mundo-1400x1400_S-2-600x600.jpg 600w, http:\/\/muzykabeztajemnic.info.pl\/wp-content\/uploads\/2015\/09\/AF-Capa-Mariza-Mundo-1400x1400_S-2-150x150.jpg 150w, http:\/\/muzykabeztajemnic.info.pl\/wp-content\/uploads\/2015\/09\/AF-Capa-Mariza-Mundo-1400x1400_S-2-300x300.jpg 300w, http:\/\/muzykabeztajemnic.info.pl\/wp-content\/uploads\/2015\/09\/AF-Capa-Mariza-Mundo-1400x1400_S-2.jpg 1000w\" sizes=\"auto, (max-width: 600px) 100vw, 600px\" \/><\/a><\/p>\n<p>9 pa\u017adziernika uka\u017ce si\u0119 nowa p\u0142yta Marizy &#8222;Mundo&#8221;. W sieci pojawi\u0142 si\u0119 teledysk &#8222;Paix\u00e3o&#8221; zapowiadaj\u0105cy wydawnictwo.<\/p>\n<p>Na kanale youtube&#8217;owym Marizy zamieszczono wideoklip do napisanej przez Jorge Fernanda kompozycji &#8222;Paix\u00e3o&#8221;. Teledysk wyre\u017cyserowa\u0142 Ernesto Bacalhau.<\/p>\n<p><iframe loading=\"lazy\" title=\"Mariza - Paix\u00e3o\" width=\"800\" height=\"450\" src=\"https:\/\/www.youtube.com\/embed\/AiVd67KHKqQ?feature=oembed\" frameborder=\"0\" allow=\"accelerometer; autoplay; clipboard-write; encrypted-media; gyroscope; picture-in-picture; web-share\" referrerpolicy=\"strict-origin-when-cross-origin\" allowfullscreen><\/iframe><\/p>\n<p>&nbsp;<\/p>\n<p>Album &#8222;Mundo&#8221; to swoisty dziennik z podr\u00f3\u017cy, kt\u00f3re zabra\u0142y Mariz\u0119 od Cabo Verde, Hiszpanii, Argentyny i wielu innych kraj\u00f3w, by zako\u0144czy\u0107 si\u0119 w ojczystej Portugalii. Artystka dzieli si\u0119 z nami wra\u017ceniami swoim charakterystycznym, zachwycaj\u0105cym g\u0142osem, maluj\u0105c emocje przy d\u017awi\u0119kach fado, world music, tanga. Poprzez piosenki stara si\u0119 odpowiedzie\u0107 na pytanie: &#8222;Co pozostaje, gdy objecha\u0142o si\u0119 ju\u017c ca\u0142y \u015bwiat dooko\u0142a?&#8221;.<\/p>\n<p>&nbsp;<\/p>\n<p>Brzmienie p\u0142ycie &#8222;Mundo&#8221; nada\u0142 laureat Grammy Javier Lim\u00f3n. S\u0105 na niej r\u00f3wnie\u017c przer\u00f3bki utwor\u00f3w legendarnej wykonawczyni fado Am\u00e1lii Rodrigues i mistrza tanga Carlosa Gardela.<\/p>\n<p>&nbsp;<\/p>\n<p>Lista utwor\u00f3w na p\u0142ycie &#8222;Mundo&#8221;:<\/p>\n<ol>\n<li>Rio De M\u00e1goa\u00a0 (Rosa Lobato Faria \/ M\u00e1rio Pacheco)<\/li>\n<li>Melhor De Mim\u00a0 (\u00c2ngelo Firmino \/ Tiago Machado)<\/li>\n<li>Alma\u00a0 (Javier Lim\u00f3n)<\/li>\n<li>Saudade Solta\u00a0 (Pedro Da Silva Martins \/ Lu\u00eds Jos\u00e9 Martins, Pedro Da Silva Martins)<\/li>\n<li>Sem Ti\u00a0 (Miguel Gameiro)<\/li>\n<li>Maldi\u00e7\u00e3o (Fado Cravo)\u00a0 (Armando Vieira Pinto \/ Alfredo Duarte &#8222;Marceneiro&#8221;)<\/li>\n<li>Padoce De C\u00e9u Azul\u00a0 (Vlu)<\/li>\n<li>Caprichosa\u00a0 (Froil\u00e1n Aguilar)<\/li>\n<li>Paix\u00e3o\u00a0 (Jorge Fernando)<\/li>\n<li>Anda O Sol Na Minha Rua\u00a0 (David Mour\u00e3o-Ferreira \/ Jos\u00e9 Fontes Rocha)<\/li>\n<li>Adeus\u00a0 (Cabral Do Nascimento \/ Pedro J\u00f3ia)<\/li>\n<li>Missangas\u00a0 (Paulo Abreu Lima \/ Paulo De Carvalho)<\/li>\n<li>Sombra\u00a0 (Jorge Fernando)<\/li>\n<li>Meu Amor Pequenino\u00a0 (Paulo Abreu Lima \/ Rui Veloso)<\/li>\n<\/ol>\n<p>&nbsp;<\/p>\n<p>Muzycy towarzysz\u0105cy Marizie w studiu:<\/p>\n<p>Jos\u00e9 Manuel Neto \u2013 portuguese guitar<\/p>\n<p>Pedro J\u00f3ia \u2013 acoustic guitar<\/p>\n<p>Charlie Mendes \u2013 acoustic bass guitar<\/p>\n<p>Alfonso P\u00e9rez \u2013 piano, keyboards<\/p>\n<p>Israel Su\u00e1rez &#8222;Pira\u00f1a&#8221; \u2013 drums, percussion<\/p>\n<p>Joel Pina \u2013 acoustic bass guitar (&#8222;Maldi\u00e7\u00e3o&#8221;, &#8222;Anda o Sol na Minha Rua&#8221;)<\/p>\n<p>Rui Veloso \u2013 piano (&#8222;Meu Amor Pequenino&#8221;)<\/p>\n<p>Javier Lim\u00f3n \u2013 guitarra flamenca (&#8222;Alma&#8221;)<\/p>\n<p>Carlos Leit\u00e3o \u2013 viola (&#8222;Maldi\u00e7\u00e3o&#8221;, &#8222;Anda o Sol na Minha Rua&#8221;)<\/p>\n","protected":false},"excerpt":{"rendered":"<p>9 pa\u017adziernika uka\u017ce si\u0119 nowa p\u0142yta Marizy &#8222;Mundo&#8221;. W sieci pojawi\u0142 si\u0119 teledysk &#8222;Paix\u00e3o&#8221; zapowiadaj\u0105cy wydawnictwo. Na kanale youtube&#8217;owym Marizy zamieszczono wideoklip do napisanej przez Jorge Fernanda kompozycji &#8222;Paix\u00e3o&#8221;. Teledysk wyre\u017cyserowa\u0142 Ernesto Bacalhau. &nbsp; Album &#8222;Mundo&#8221; to swoisty dziennik z podr\u00f3\u017cy, kt\u00f3re zabra\u0142y Mariz\u0119 od Cabo Verde, Hiszpanii, Argentyny i wielu innych kraj\u00f3w, by zako\u0144czy\u0107 [&hellip;]<\/p>\n","protected":false},"author":1,"featured_media":1684,"comment_status":"closed","ping_status":"open","sticky":false,"template":"","format":"standard","meta":{"jetpack_post_was_ever_published":false,"_jetpack_newsletter_access":"","_jetpack_dont_email_post_to_subs":false,"_jetpack_newsletter_tier_id":0,"_jetpack_memberships_contains_paywalled_content":false,"_jetpack_memberships_contains_paid_content":false,"footnotes":"","jetpack_publicize_message":"","jetpack_publicize_feature_enabled":true,"jetpack_social_post_already_shared":true,"jetpack_social_options":{"image_generator_settings":{"template":"highway","default_image_id":0,"enabled":false},"version":2}},"categories":[6],"tags":[],"class_list":["post-1683","post","type-post","status-publish","format-standard","has-post-thumbnail","hentry","category-klipy"],"jetpack_publicize_connections":[],"jetpack_featured_media_url":"http:\/\/muzykabeztajemnic.info.pl\/wp-content\/uploads\/2015\/09\/AF-Capa-Mariza-Mundo-1400x1400_S-2.jpg","jetpack_sharing_enabled":true,"jetpack_shortlink":"https:\/\/wp.me\/p67auQ-r9","_links":{"self":[{"href":"http:\/\/muzykabeztajemnic.info.pl\/index.php?rest_route=\/wp\/v2\/posts\/1683","targetHints":{"allow":["GET"]}}],"collection":[{"href":"http:\/\/muzykabeztajemnic.info.pl\/index.php?rest_route=\/wp\/v2\/posts"}],"about":[{"href":"http:\/\/muzykabeztajemnic.info.pl\/index.php?rest_route=\/wp\/v2\/types\/post"}],"author":[{"embeddable":true,"href":"http:\/\/muzykabeztajemnic.info.pl\/index.php?rest_route=\/wp\/v2\/users\/1"}],"replies":[{"embeddable":true,"href":"http:\/\/muzykabeztajemnic.info.pl\/index.php?rest_route=%2Fwp%2Fv2%2Fcomments&post=1683"}],"version-history":[{"count":0,"href":"http:\/\/muzykabeztajemnic.info.pl\/index.php?rest_route=\/wp\/v2\/posts\/1683\/revisions"}],"wp:featuredmedia":[{"embeddable":true,"href":"http:\/\/muzykabeztajemnic.info.pl\/index.php?rest_route=\/wp\/v2\/media\/1684"}],"wp:attachment":[{"href":"http:\/\/muzykabeztajemnic.info.pl\/index.php?rest_route=%2Fwp%2Fv2%2Fmedia&parent=1683"}],"wp:term":[{"taxonomy":"category","embeddable":true,"href":"http:\/\/muzykabeztajemnic.info.pl\/index.php?rest_route=%2Fwp%2Fv2%2Fcategories&post=1683"},{"taxonomy":"post_tag","embeddable":true,"href":"http:\/\/muzykabeztajemnic.info.pl\/index.php?rest_route=%2Fwp%2Fv2%2Ftags&post=1683"}],"curies":[{"name":"wp","href":"https:\/\/api.w.org\/{rel}","templated":true}]}}