{"id":16564,"date":"2019-05-15T19:04:15","date_gmt":"2019-05-15T19:04:15","guid":{"rendered":"https:\/\/muzykabeztajemnic.info.pl\/?p=16564"},"modified":"2019-05-15T19:04:22","modified_gmt":"2019-05-15T19:04:22","slug":"kminek-premierowo-u-borowicza","status":"publish","type":"post","link":"http:\/\/muzykabeztajemnic.info.pl\/?p=16564","title":{"rendered":"Kminek premierowo u Borowicza"},"content":{"rendered":"\n<p><strong>W najbli\u017csz\u0105 sobot\u0119, na antenie TVP2\n zostanie wyemitowany ostatni premierowy odcinek drugiego sezonu \nprogramu \u201eTo je Borowicz. Podr\u00f3\u017ce ze smakiem\u201d. Adam Borowicz zabierze \nwidz\u00f3w w malownicze zak\u0105tki Macedonii. Pi\u0119kne krajobrazy, pyszne dania i\n \u2026 premierowa muzyka zespo\u0142u o jak\u017ce kulinarnej nazwie. Kulinarne \npodr\u00f3\u017ce zostan\u0105 zilustrowane nowymi utworami Kminka!<\/strong><br><br>\n\u201eCh\u0142opaku\u201d oraz \u201eNie kradnij, nie zabijaj, kochaj\u201d pochodz\u0105 z EP \nzatytu\u0142owanej \u201eV5\u201d, kt\u00f3ra oficjaln\u0105 premier\u0119 b\u0119dzie mia\u0142a pod koniec \nmaja. Chwytliwe melodie, niebanalne teksty, charakterystyczny wokal \nMichaliny Maruniak \u2013 to najwa\u017cniejsze sk\u0142adniki Kminkowego stylu. \nMateria\u0142 nagrano w Legnicy \u2013 rodzinnym mie\u015bcie zespo\u0142u.&nbsp;<br><br>\nKminek to trio: Michalina Maruniak \u2013 wokalistka i wsp\u00f3\u0142kompozytorka \nrepertuaru; Jerzy Delwo \u2013 gitara basowa, teksty, muzyczny \u201em\u00f3zg\u201d zespo\u0142u\n oraz Pawe\u0142 Zaj\u0105c \u2013 gitary (w koncertowym sk\u0142adzie grup\u0119 wspomagaj\u0105: \nArek Halikowski \u2013 gitary,&nbsp;Adam&nbsp;Rorat&nbsp;&#8211; klawisze&nbsp;oraz Pawe\u0142 Kurek \u2013 \nperkusja). &#8211; Zawsze nas to zaskakuje: jak my\u015bmy si\u0119 odnale\u017ali? Ta tr\u00f3jka\n jest faktycznie wyj\u0105tkowa. Rozumiemy si\u0119 fajnie i bez s\u0142\u00f3w \u2013 podkre\u015bla \nwokalistka zespo\u0142u.&nbsp;<br><br>\nUtwory z debiutanckiego albumu legnickiej grupy \u201e34\u201d go\u015bci\u0142y na antenie \nradiowej Tr\u00f3jki, mi\u0119dzy innymi w audycji ikony tej rozg\u0142o\u015bni Marka \nNied\u017awieckiego. Zesp\u00f3\u0142 mia\u0142 okazj\u0119 dzieli\u0107 scen\u0119 z takimi artystami jak:\n Ray Wilson (eks-wokalista Genesis) i Lao Che.<br><br>\n\u015acie\u017cki Adama Borowicza i zespo\u0142u splataj\u0105 si\u0119 nie po raz pierwszy. \nPiosenki Kminka ze wspomnianej wy\u017cej debiutanckiej p\u0142yty mo\u017cna by\u0142o \nus\u0142ysze\u0107 zar\u00f3wno w internetowej wersji programu (w\u00f3wczas jeszcze pod \nnazw\u0105 \u201eJestem Borowicz\u201d), jak i w pierwszym sezonie \u201eTo je Borowicz. \nPodr\u00f3\u017ce ze smakiem\u201d, emitowanym na antenie TVP2.<br><br>\nTo je Borowicz. Podr\u00f3\u017ce ze smakiem.&nbsp;<br>\nSobota, godz. 11:55, TVP2<\/p>\n","protected":false},"excerpt":{"rendered":"<p>W najbli\u017csz\u0105 sobot\u0119, na antenie TVP2 zostanie wyemitowany ostatni premierowy odcinek drugiego sezonu programu \u201eTo je Borowicz. Podr\u00f3\u017ce ze smakiem\u201d. Adam Borowicz zabierze widz\u00f3w w malownicze zak\u0105tki Macedonii. Pi\u0119kne krajobrazy, pyszne dania i \u2026 premierowa muzyka zespo\u0142u o jak\u017ce kulinarnej nazwie. Kulinarne podr\u00f3\u017ce zostan\u0105 zilustrowane nowymi utworami Kminka! \u201eCh\u0142opaku\u201d oraz \u201eNie kradnij, nie zabijaj, kochaj\u201d [&hellip;]<\/p>\n","protected":false},"author":1,"featured_media":0,"comment_status":"closed","ping_status":"open","sticky":false,"template":"","format":"standard","meta":{"jetpack_post_was_ever_published":false,"_jetpack_newsletter_access":"","_jetpack_dont_email_post_to_subs":false,"_jetpack_newsletter_tier_id":0,"_jetpack_memberships_contains_paywalled_content":false,"_jetpack_memberships_contains_paid_content":false,"footnotes":"","jetpack_publicize_message":"","jetpack_publicize_feature_enabled":true,"jetpack_social_post_already_shared":true,"jetpack_social_options":{"image_generator_settings":{"template":"highway","default_image_id":0,"enabled":false},"version":2}},"categories":[1],"tags":[],"class_list":["post-16564","post","type-post","status-publish","format-standard","hentry","category-uncategorized"],"jetpack_publicize_connections":[],"jetpack_featured_media_url":"","jetpack_sharing_enabled":true,"jetpack_shortlink":"https:\/\/wp.me\/p67auQ-4ja","_links":{"self":[{"href":"http:\/\/muzykabeztajemnic.info.pl\/index.php?rest_route=\/wp\/v2\/posts\/16564","targetHints":{"allow":["GET"]}}],"collection":[{"href":"http:\/\/muzykabeztajemnic.info.pl\/index.php?rest_route=\/wp\/v2\/posts"}],"about":[{"href":"http:\/\/muzykabeztajemnic.info.pl\/index.php?rest_route=\/wp\/v2\/types\/post"}],"author":[{"embeddable":true,"href":"http:\/\/muzykabeztajemnic.info.pl\/index.php?rest_route=\/wp\/v2\/users\/1"}],"replies":[{"embeddable":true,"href":"http:\/\/muzykabeztajemnic.info.pl\/index.php?rest_route=%2Fwp%2Fv2%2Fcomments&post=16564"}],"version-history":[{"count":0,"href":"http:\/\/muzykabeztajemnic.info.pl\/index.php?rest_route=\/wp\/v2\/posts\/16564\/revisions"}],"wp:attachment":[{"href":"http:\/\/muzykabeztajemnic.info.pl\/index.php?rest_route=%2Fwp%2Fv2%2Fmedia&parent=16564"}],"wp:term":[{"taxonomy":"category","embeddable":true,"href":"http:\/\/muzykabeztajemnic.info.pl\/index.php?rest_route=%2Fwp%2Fv2%2Fcategories&post=16564"},{"taxonomy":"post_tag","embeddable":true,"href":"http:\/\/muzykabeztajemnic.info.pl\/index.php?rest_route=%2Fwp%2Fv2%2Ftags&post=16564"}],"curies":[{"name":"wp","href":"https:\/\/api.w.org\/{rel}","templated":true}]}}