{"id":16541,"date":"2019-05-11T11:58:43","date_gmt":"2019-05-11T11:58:43","guid":{"rendered":"https:\/\/muzykabeztajemnic.info.pl\/?p=16541"},"modified":"2019-05-11T11:58:48","modified_gmt":"2019-05-11T11:58:48","slug":"ed-sheeran-i-justin-bieber-ujawniaja-wspolny-utwor-i-dont-care","status":"publish","type":"post","link":"http:\/\/muzykabeztajemnic.info.pl\/?p=16541","title":{"rendered":"Ed Sheeran i Justin Bieber ujawniaj\u0105 wsp\u00f3lny utw\u00f3r &#8222;I Don&#8217;t Care&#8221;!"},"content":{"rendered":"\n<figure class=\"wp-block-image\"><img loading=\"lazy\" decoding=\"async\" width=\"600\" height=\"600\" src=\"https:\/\/muzykabeztajemnic.info.pl\/wp-content\/uploads\/2019\/05\/d64aa557-3c1d-4663-acd6-aecd33a3f6e8.jpg\" alt=\"\" class=\"wp-image-16542\" srcset=\"http:\/\/muzykabeztajemnic.info.pl\/wp-content\/uploads\/2019\/05\/d64aa557-3c1d-4663-acd6-aecd33a3f6e8.jpg 600w, http:\/\/muzykabeztajemnic.info.pl\/wp-content\/uploads\/2019\/05\/d64aa557-3c1d-4663-acd6-aecd33a3f6e8-150x150.jpg 150w, http:\/\/muzykabeztajemnic.info.pl\/wp-content\/uploads\/2019\/05\/d64aa557-3c1d-4663-acd6-aecd33a3f6e8-300x300.jpg 300w\" sizes=\"auto, (max-width: 600px) 100vw, 600px\" \/><\/figure>\n\n\n\n<table class=\"wp-block-table\"><tbody><tr><td><strong>\u201eMamy z Justinem now\u0105 piosenk\u0119. Nosi tytu\u0142 &#8222;I Don\u2019t Care&#8221;\u00a0i mam nadziej\u0119, \u017ce Wam si\u0119 spodoba&#8221; <\/strong>&#8211;\u00a0<a rel=\"noreferrer noopener\" href=\"https:\/\/warnermusic.us11.list-manage.com\/track\/click?u=5707ca9200ef714154dda6f30&amp;id=0bee6fbc30&amp;e=f72eb1638a\" target=\"_blank\">\u00a0<strong>Ed Sheeran.<\/strong><\/a><br> <br> Za produkcj\u0119 singla &#8222;<strong>I Don\u2019t Care&#8221;<\/strong>odpowiadaj\u0105: <strong>Max\u00a0Martin,\u00a0Shellback I FRED.<\/strong><br> <br> <strong>B\u0105d\u017acie czujni!<\/strong><br><br><a rel=\"noreferrer noopener\" href=\"https:\/\/warnermusic.us11.list-manage.com\/track\/click?u=5707ca9200ef714154dda6f30&amp;id=fd681b4f2b&amp;e=f72eb1638a\" target=\"_blank\">POS\u0141UCHAJ &#8222;I DON&#8217;T CARE&#8221;<\/a><br> \u00a0<\/td><\/tr><\/tbody><\/table>\n\n\n\n<figure class=\"wp-block-embed-youtube wp-block-embed is-type-video is-provider-youtube wp-embed-aspect-16-9 wp-has-aspect-ratio\"><div class=\"wp-block-embed__wrapper\">\n<iframe loading=\"lazy\" title=\"Ed Sheeran &amp; Justin Bieber - I Don&#039;t Care [Official Lyric Video]\" width=\"800\" height=\"450\" src=\"https:\/\/www.youtube.com\/embed\/CCSGelSCPGE?feature=oembed\" frameborder=\"0\" allow=\"accelerometer; autoplay; clipboard-write; encrypted-media; gyroscope; picture-in-picture; web-share\" referrerpolicy=\"strict-origin-when-cross-origin\" allowfullscreen><\/iframe>\n<\/div><\/figure>\n","protected":false},"excerpt":{"rendered":"<p>\u201eMamy z Justinem now\u0105 piosenk\u0119. Nosi tytu\u0142 &#8222;I Don\u2019t Care&#8221;\u00a0i mam nadziej\u0119, \u017ce Wam si\u0119 spodoba&#8221; &#8211;\u00a0\u00a0Ed Sheeran. Za produkcj\u0119 singla &#8222;I Don\u2019t Care&#8221;odpowiadaj\u0105: Max\u00a0Martin,\u00a0Shellback I FRED. B\u0105d\u017acie czujni! POS\u0141UCHAJ &#8222;I DON&#8217;T CARE&#8221; \u00a0<\/p>\n","protected":false},"author":1,"featured_media":16542,"comment_status":"closed","ping_status":"open","sticky":false,"template":"","format":"standard","meta":{"jetpack_post_was_ever_published":false,"_jetpack_newsletter_access":"","_jetpack_dont_email_post_to_subs":false,"_jetpack_newsletter_tier_id":0,"_jetpack_memberships_contains_paywalled_content":false,"_jetpack_memberships_contains_paid_content":false,"footnotes":"","jetpack_publicize_message":"","jetpack_publicize_feature_enabled":true,"jetpack_social_post_already_shared":true,"jetpack_social_options":{"image_generator_settings":{"template":"highway","default_image_id":0,"enabled":false},"version":2}},"categories":[1],"tags":[],"class_list":["post-16541","post","type-post","status-publish","format-standard","has-post-thumbnail","hentry","category-uncategorized"],"jetpack_publicize_connections":[],"jetpack_featured_media_url":"http:\/\/muzykabeztajemnic.info.pl\/wp-content\/uploads\/2019\/05\/d64aa557-3c1d-4663-acd6-aecd33a3f6e8.jpg","jetpack_sharing_enabled":true,"jetpack_shortlink":"https:\/\/wp.me\/p67auQ-4iN","_links":{"self":[{"href":"http:\/\/muzykabeztajemnic.info.pl\/index.php?rest_route=\/wp\/v2\/posts\/16541","targetHints":{"allow":["GET"]}}],"collection":[{"href":"http:\/\/muzykabeztajemnic.info.pl\/index.php?rest_route=\/wp\/v2\/posts"}],"about":[{"href":"http:\/\/muzykabeztajemnic.info.pl\/index.php?rest_route=\/wp\/v2\/types\/post"}],"author":[{"embeddable":true,"href":"http:\/\/muzykabeztajemnic.info.pl\/index.php?rest_route=\/wp\/v2\/users\/1"}],"replies":[{"embeddable":true,"href":"http:\/\/muzykabeztajemnic.info.pl\/index.php?rest_route=%2Fwp%2Fv2%2Fcomments&post=16541"}],"version-history":[{"count":0,"href":"http:\/\/muzykabeztajemnic.info.pl\/index.php?rest_route=\/wp\/v2\/posts\/16541\/revisions"}],"wp:featuredmedia":[{"embeddable":true,"href":"http:\/\/muzykabeztajemnic.info.pl\/index.php?rest_route=\/wp\/v2\/media\/16542"}],"wp:attachment":[{"href":"http:\/\/muzykabeztajemnic.info.pl\/index.php?rest_route=%2Fwp%2Fv2%2Fmedia&parent=16541"}],"wp:term":[{"taxonomy":"category","embeddable":true,"href":"http:\/\/muzykabeztajemnic.info.pl\/index.php?rest_route=%2Fwp%2Fv2%2Fcategories&post=16541"},{"taxonomy":"post_tag","embeddable":true,"href":"http:\/\/muzykabeztajemnic.info.pl\/index.php?rest_route=%2Fwp%2Fv2%2Ftags&post=16541"}],"curies":[{"name":"wp","href":"https:\/\/api.w.org\/{rel}","templated":true}]}}