{"id":16518,"date":"2019-05-08T09:00:15","date_gmt":"2019-05-08T09:00:15","guid":{"rendered":"https:\/\/muzykabeztajemnic.info.pl\/?p=16518"},"modified":"2019-05-08T09:00:18","modified_gmt":"2019-05-08T09:00:18","slug":"historyczny-patronat-zpav-nad-gala-popkillerow","status":"publish","type":"post","link":"http:\/\/muzykabeztajemnic.info.pl\/?p=16518","title":{"rendered":"Historyczny patronat ZPAV nad gal\u0105 Popkiller\u00f3w!"},"content":{"rendered":"\n<figure class=\"wp-block-image\"><img loading=\"lazy\" decoding=\"async\" width=\"401\" height=\"600\" src=\"https:\/\/muzykabeztajemnic.info.pl\/wp-content\/uploads\/2019\/05\/Popkillery-2-401x600.jpg\" alt=\"\" class=\"wp-image-16519\" srcset=\"http:\/\/muzykabeztajemnic.info.pl\/wp-content\/uploads\/2019\/05\/Popkillery-2-401x600.jpg 401w, http:\/\/muzykabeztajemnic.info.pl\/wp-content\/uploads\/2019\/05\/Popkillery-2-200x300.jpg 200w, http:\/\/muzykabeztajemnic.info.pl\/wp-content\/uploads\/2019\/05\/Popkillery-2-768x1151.jpg 768w, http:\/\/muzykabeztajemnic.info.pl\/wp-content\/uploads\/2019\/05\/Popkillery-2.jpg 801w\" sizes=\"auto, (max-width: 401px) 100vw, 401px\" \/><\/figure>\n\n\n\n<p><a>Zwi\u0105zek Producent\u00f3w Audio Video zosta\u0142 oficjalnym patronem uroczystej gali rozdania nagr\u00f3d bran\u017cy hip-hopowej Popkillery 2019. <\/a><\/p>\n\n\n\n<p><em>Z\n wielk\u0105 przyjemno\u015bci\u0105 zaanga\u017cowali\u015bmy si\u0119 w t\u0119 inicjatyw\u0119. Hip-hop, cho\u0107\n jest gatunkiem unikaj\u0105cym g\u0142\u00f3wnych nurt\u00f3w, stanowi bardzo wa\u017cn\u0105 cze\u015b\u0107 \nrynku muzycznego, z sukcesem podbijaj\u0105c zar\u00f3wno fizyczne, jak i cyfrowe \nlisty sprzeda\u017cy. Gala Popkillery 2019 b\u0119dzie na pewno \u015bwietn\u0105 okazj\u0105 do \npodsumowania roku, ale mam nadziej\u0119, \u017ce stworzy tak\u017ce szanse na wzajemne\n otwarcie si\u0119 na siebie ca\u0142ej bran\u017cy muzycznej. Bardzo si\u0119 cieszymy, \u017ce \nmo\u017cemy patronowa\u0107 temu wydarzeniu \u2013&nbsp; <\/em>powiedzia\u0142 Andrzej Puczy\u0144ski, przewodnicz\u0105cy Zwi\u0105zku Producent\u00f3w Audio Video.<\/p>\n\n\n\n<p><em>Polski\n hip-hop przeszed\u0142 d\u0142ug\u0105 drog\u0119 od momentu, gdy blisko ju\u017c 30 lat temu \nzacz\u0105\u0142 przebija\u0107 si\u0119 do \u015bwiadomo\u015bci s\u0142uchacza. Dzi\u015b jest pr\u0119\u017cn\u0105 ga\u0142\u0119zi\u0105 \nfonografii, ogromnym gatunkiem dzia\u0142aj\u0105cym na w\u0142asnych zasadach i cz\u0119sto\n we w\u0142asnym obiegu, wci\u0105\u017c \u015brubuj\u0105c wyniki sprzeda\u017cy i zainteresowania. W\n roku 2018 na li\u015bcie OLiS znalaz\u0142o si\u0119 ponad 90 hip-hopowych album\u00f3w, 18\n z nich dotar\u0142o na sam szczyt notowania, ponad 10 pokry\u0142o si\u0119 Platyn\u0105 a \nponad 20 Z\u0142otem. Bardzo mi\u0142o b\u0119dzie nam go\u015bci\u0107 na gali przewodnicz\u0105cego \nZwi\u0105zku Producent\u00f3w Audio Video <\/em>&nbsp;\u2013 powiedzia\u0142 Mateusz Natali, redaktor naczelny serwisu Popkiller.pl i doda\u0142 \u2013 <em>Pomys\u0142\n wyp\u0142yn\u0105\u0142 w rozmowie zaprzyja\u017anion\u0105 z nami managerk\u0105 Joann\u0105 Hoder\u0105 i \ncieszymy si\u0119, \u017ce spotka\u0142 si\u0119 z entuzjastyczn\u0105 reakcj\u0105.<\/em><\/p>\n\n\n\n<p><strong>Zwi\u0105zek Producent\u00f3w Audio Video (ZPAV)<\/strong> jest stowarzyszeniem zrzeszaj\u0105cym wydawc\u00f3w <strong>muzyki, producent\u00f3w indywidualnych i wytw\u00f3rnie fonograficzne, kt\u00f3rzy \u0142\u0105cznie stanowi\u0105 ok.<\/strong>\n 90% rynku muzycznego w&nbsp;Polsce. Od momentu powstania w 1991 roku ZPAV \nprowadzi dzia\u0142ania na rzecz dynamicznego rozwoju rynku muzycznego w \nPolsce. Jest grup\u0105 krajow\u0105 Mi\u0119dzynarodowej Federacji Przemys\u0142u \nFonograficznego (IFPI), kt\u00f3ra zrzesza i&nbsp;reprezentuje \u015bwiatowy przemys\u0142 \nmuzyczny. Dzia\u0142a na forum legislacyjnym, prowadzi szerokie dzia\u0142ania \nedukacyjne oraz promocyjne, wspieraj\u0105ce rozw\u00f3j rynku muzycznego, m.in. \nopracowuje Oficjaln\u0105 List\u0119 Sprzeda\u017cy (OLiS), list\u0119 najcz\u0119\u015bciej \nodtwarzanych utwor\u00f3w w stacjach radiowych (AirPlay) oraz przyznaje \nwyr\u00f3\u017cnienia Z\u0142otych, Platynowych i&nbsp;Diamentowych P\u0142yt.<\/p>\n\n\n\n<p>Od\n 1995 r. ZPAV jest organizatorem Fryderyk\u00f3w \u2013 nagr\u00f3d muzycznych, \nprzyznawanych przez \u015brodowisko muzyczne: muzyk\u00f3w, autor\u00f3w, kompozytor\u00f3w,\n producent\u00f3w muzycznych, dziennikarzy i bran\u017c\u0119 fonograficzn\u0105, \nzrzeszonych w Akademii Fonograficznej.<\/p>\n\n\n\n<p><strong>Popkillery 2019<\/strong>\n to inicjatywa serwisu muzycznego Popkiller.pl, kt\u00f3ry zaprosi\u0142 do \nwsp\u00f3\u0142pracy liczne media o zasi\u0119gu og\u00f3lnopolskim oraz lokalnym, tak by \nefektem by\u0142a nagroda ze strony ca\u0142ego \u015brodowiska hip-hopowego. Dodatkowo\n mo\u017cliwo\u015b\u0107 wskazania swoich faworyt\u00f3w mieli fani, kt\u00f3rzy oddali ponad \n100&nbsp;000 g\u0142os\u00f3w. Gala wr\u0119czenia statuetek organizowana przez Popkiller.pl\n wsp\u00f3lnie z mark\u0105 Bacardi odb\u0119dzie si\u0119 w formule zamkni\u0119tej ceremonii 8 \nmaja 2019 w warszawskim Teatrze Capitol &#8211; obejrze\u0107 b\u0119dzie mo\u017cna j\u0105 \npodczas transmisji na \u017cywo na kanale YouTube PopkillerTV od godziny \n18:00. <\/p>\n\n\n\n<p>Prowadzeniem zajmie si\u0119 \nwyj\u0105tkowy duet &#8211; legenda hip-hopu a obecnie ring announcer Federacji KSW\n Waldemar Kasta oraz popularna raperka AdMa. Na gali wyst\u0105pi\u0105 pionierzy \nwarszawskiej sceny rapowej Eldo\/Jotuze i Pono\/Koras, jedna z czo\u0142owych \ndzi\u015b formacji Polska Wersja a tak\u017ce go\u015b\u0107 specjalny, kultowy raper z \nNowego Jorku Jeru The Damaja, kt\u00f3ry wraz z Liroyem, Hirkiem Wron\u0105, Waco \nczy zespo\u0142em Mor W.A. wr\u0119czy nagrody zwyci\u0119zcom. Bezpo\u015brednio po gali w \npo\u0142\u0105czonym z Teatrem Clubie Capitol b\u0119dzie mia\u0142o miejsce oficjalne \nafterparty, w trakcie kt\u00f3rego wyst\u0105pi\u0105 Borixon\/ZetHa\/Qry, Smolasty i \nTymek oraz DJ-e Falcon1 i DJ Kebs \u2013 wst\u0119p na afterparty jest otwarty i \nbiletowany.<\/p>\n","protected":false},"excerpt":{"rendered":"<p>Zwi\u0105zek Producent\u00f3w Audio Video zosta\u0142 oficjalnym patronem uroczystej gali rozdania nagr\u00f3d bran\u017cy hip-hopowej Popkillery 2019. Z wielk\u0105 przyjemno\u015bci\u0105 zaanga\u017cowali\u015bmy si\u0119 w t\u0119 inicjatyw\u0119. Hip-hop, cho\u0107 jest gatunkiem unikaj\u0105cym g\u0142\u00f3wnych nurt\u00f3w, stanowi bardzo wa\u017cn\u0105 cze\u015b\u0107 rynku muzycznego, z sukcesem podbijaj\u0105c zar\u00f3wno fizyczne, jak i cyfrowe listy sprzeda\u017cy. Gala Popkillery 2019 b\u0119dzie na pewno \u015bwietn\u0105 okazj\u0105 do [&hellip;]<\/p>\n","protected":false},"author":1,"featured_media":16519,"comment_status":"closed","ping_status":"open","sticky":false,"template":"","format":"standard","meta":{"jetpack_post_was_ever_published":false,"_jetpack_newsletter_access":"","_jetpack_dont_email_post_to_subs":false,"_jetpack_newsletter_tier_id":0,"_jetpack_memberships_contains_paywalled_content":false,"_jetpack_memberships_contains_paid_content":false,"footnotes":"","jetpack_publicize_message":"","jetpack_publicize_feature_enabled":true,"jetpack_social_post_already_shared":true,"jetpack_social_options":{"image_generator_settings":{"template":"highway","default_image_id":0,"enabled":false},"version":2}},"categories":[1],"tags":[],"class_list":["post-16518","post","type-post","status-publish","format-standard","has-post-thumbnail","hentry","category-uncategorized"],"jetpack_publicize_connections":[],"jetpack_featured_media_url":"http:\/\/muzykabeztajemnic.info.pl\/wp-content\/uploads\/2019\/05\/Popkillery-2.jpg","jetpack_sharing_enabled":true,"jetpack_shortlink":"https:\/\/wp.me\/p67auQ-4iq","_links":{"self":[{"href":"http:\/\/muzykabeztajemnic.info.pl\/index.php?rest_route=\/wp\/v2\/posts\/16518","targetHints":{"allow":["GET"]}}],"collection":[{"href":"http:\/\/muzykabeztajemnic.info.pl\/index.php?rest_route=\/wp\/v2\/posts"}],"about":[{"href":"http:\/\/muzykabeztajemnic.info.pl\/index.php?rest_route=\/wp\/v2\/types\/post"}],"author":[{"embeddable":true,"href":"http:\/\/muzykabeztajemnic.info.pl\/index.php?rest_route=\/wp\/v2\/users\/1"}],"replies":[{"embeddable":true,"href":"http:\/\/muzykabeztajemnic.info.pl\/index.php?rest_route=%2Fwp%2Fv2%2Fcomments&post=16518"}],"version-history":[{"count":0,"href":"http:\/\/muzykabeztajemnic.info.pl\/index.php?rest_route=\/wp\/v2\/posts\/16518\/revisions"}],"wp:featuredmedia":[{"embeddable":true,"href":"http:\/\/muzykabeztajemnic.info.pl\/index.php?rest_route=\/wp\/v2\/media\/16519"}],"wp:attachment":[{"href":"http:\/\/muzykabeztajemnic.info.pl\/index.php?rest_route=%2Fwp%2Fv2%2Fmedia&parent=16518"}],"wp:term":[{"taxonomy":"category","embeddable":true,"href":"http:\/\/muzykabeztajemnic.info.pl\/index.php?rest_route=%2Fwp%2Fv2%2Fcategories&post=16518"},{"taxonomy":"post_tag","embeddable":true,"href":"http:\/\/muzykabeztajemnic.info.pl\/index.php?rest_route=%2Fwp%2Fv2%2Ftags&post=16518"}],"curies":[{"name":"wp","href":"https:\/\/api.w.org\/{rel}","templated":true}]}}