{"id":15945,"date":"2019-03-03T16:17:18","date_gmt":"2019-03-03T16:17:18","guid":{"rendered":"https:\/\/muzykabeztajemnic.info.pl\/?p=15945"},"modified":"2019-03-03T16:17:24","modified_gmt":"2019-03-03T16:17:24","slug":"premiera-widmo-pro8l3m-prezentuje-drugi-album-dlugograjacy","status":"publish","type":"post","link":"http:\/\/muzykabeztajemnic.info.pl\/?p=15945","title":{"rendered":"PREMIERA \u201eWIDMO\u201d &#8211; PRO8L3M PREZENTUJE  DRUGI ALBUM D\u0141UGOGRAJ\u0104CY"},"content":{"rendered":"\n<p><strong>Oskar\n i Steez prezentuj\u0105 sw\u00f3j drugi\n album d\u0142ugograj\u0105cy \u201cWidmo\u201d, kt\u00f3ry jeszcze przed premier\u0105 uzyska\u0142 status\n z\u0142otej p\u0142yty. Nowe wydawnictwo duetu PRO8L3M trafi\u0142o dzi\u015b do \ndystrybucji w salonach Empik, na\n<\/strong><a href=\"https:\/\/www.youtube.com\/playlist?list=PLCiN2s_Uthxp1jTvBUZ3PvoTMKrE3kS5D\"><strong>YouTube<\/strong><\/a><strong>,\n<\/strong><a href=\"https:\/\/open.spotify.com\/album\/3GDUFCbk1nFTJ1uUniJHR5\"><strong>Spotify<\/strong><\/a><strong>\n oraz innych platformach streamingowych. Trasa koncertowa promuj\u0105ca p\u0142yt\u0119 startuje ju\u017c za kilka dni!\n<\/strong><\/p>\n\n\n\n<p><strong>Wydawca: Wydawnictwo Agora<\/strong><\/p>\n\n\n\n<p>Warszawska\n grupa PRO8L3M\n powr\u00f3ci\u0142a z nowym albumem! Od dzi\u015b na rynku dost\u0119pna jest druga p\u0142yta \nduetu, kt\u00f3ra jeszcze przed oficjaln\u0105 premier\u0105 uzyska\u0142a status z\u0142otej. \n\u201cWidmo\u201d LP to trzyna\u015bcie\nporywaj\u0105cych, lirycznych pomys\u0142\u00f3w Oskara i zaskakuj\u0105cych eksploracji muzycznych Steeza. Materia\u0142&nbsp;\nkr\u0105\u017cy\n wok\u00f3\u0142 zagadnie\u0144 wsp\u00f3\u0142czesnej cywilizacji, pu\u0142apek jej rozwoju i \nobszar\u00f3w\n degradacji, rzucaj\u0105c \u015bwiat\u0142o na niedostrzegane zjawiska. Zadaje tak\u017ce&nbsp; \nwiele pyta\u0144 o kierunek, w jakim zmierza nasz \u015bwiat i my sami oraz \nzarysowuje wiele wizji, czasem mrocznych, a czasem zupe\u0142nie \nnieprzewidywalnych, daj\u0105c tym samym nowy, kompletny kontekst\n dotychczasowej tw\u00f3rczo\u015bci duetu. Na p\u0142ycie us\u0142yszymy te\u017c go\u015bci. \nPierwszym z nich jest Artur Rojek, z kt\u00f3rym PRO8L3M na nowo \nzinterpretowali kultowy utw\u00f3r \u201cTo nie by\u0142 film\u201d. Druga posta\u0107 to Borixon\n &#8211; na fan\u00f3w, kt\u00f3rzy kupili p\u0142yt\u0119 w wersji preorder czeka&nbsp; bonus\n track w postaci remixu singla \u201cJak Disney\u201d z udzia\u0142em Rekina.<\/p>\n\n\n\n<p>PRO8L3M\n ju\u017c od pocz\u0105tku swojej obecno\u015bci na polskiej\n scenie muzycznej zaskakuje s\u0142uchaczy nietuzinkowym i oryginalnym \npodej\u015bciem &#8211; zar\u00f3wno do swojej tw\u00f3rczo\u015bci, jak i promocji kolejnych \nwydawnictw. Przy okazji premiery albumu \u201cWidmo\u201d nie by\u0142o inaczej! Tym \nrazem arty\u015bci, aby zrealizowa\u0107 koncepcj\u0119 oprawy albumu\n wybrali si\u0119 w podr\u00f3\u017c a\u017c do Pakistanu. Za zdj\u0119cie z ok\u0142adki wydawnictwa \nodpowiedzialny jest Micha\u0142 Klusek (sesja realizowana we wsp\u00f3\u0142pracy z \nSHOOTME), a projekt graficzny przygotowa\u0142 Darren Oorloff &#8211; uznany grafik\n z Melbourne, specjalizuj\u0105cy si\u0119 w identyfikacji\n wizualnej projekt\u00f3w muzycznych. Dodatkowo, duet przygotowa\u0142 wraz ze \nstudiem kreatywnym MELT i agencj\u0105 OUTRAGE specjalne wydarzenie: OUTPOST &#8211;\n IN5TALAC7A, podczas kt\u00f3rego fani grupy mieli okazj\u0119 zapozna\u0107 si\u0119 z \nnowym materia\u0142em na tydzie\u0144 przed oficjaln\u0105 premier\u0105,\n zwiedzaj\u0105c dystopijn\u0105, multimedialn\u0105 wystaw\u0119, ulokowan\u0105 w \npostindustrialnej przestrzeni na warszawskim Targ\u00f3wku.\n<\/p>\n\n\n\n<p>Album\n \u201eWidmo\u201d LP dost\u0119pny jest w szerokiej dystrybucji\n w salonach Empik oraz na Spotify i wszystkich platformach \nstreamingowych. Nowy materia\u0142 duetu w wersji na \u017cywo b\u0119dzie mo\u017cna \nus\u0142ysze\u0107 podczas trasy koncertowej, kt\u00f3ra startuje ju\u017c 7 marca. Bilety \nna wi\u0119kszo\u015b\u0107 koncert\u00f3w s\u0105 ju\u017c wyprzedane, a ostatnie dost\u0119pne\n mo\u017cna zam\u00f3wi\u0107 na platformie <a href=\"https:\/\/goingapp.pl\/polecamy\/pro8l3m-widmo-tour\">Going<\/a>.<\/p>\n\n\n\n<p><strong>PRO8L3M BIO:<br>\n<\/strong>Stworzony przez Oskara i Steeza duet\n PRO8L3M to zjawisko, obok kt\u00f3rego\n nie spos\u00f3b przej\u015b\u0107 oboj\u0119tnie. Od momentu debiutu w 2013 roku ka\u017cde \nkolejne wydawnictwo zespo\u0142u przynosi z\u0142ote i platynowe p\u0142yty, \nelektryzuj\u0105c coraz wi\u0119ksze kr\u0119gi s\u0142uchaczy. Regularnie wyprzedaj\u0105c \nnajwi\u0119ksze sale koncertowe w Polsce, PRO8L3M to jeden z najwi\u0119kszych\n fenomen\u00f3w muzycznych ostatnich lat. Duet porusza i \u0142\u0105czy odbiorc\u00f3w \nr\u00f3\u017cnorodnych gatunk\u00f3w &#8211; od hip-hopu, po alternatyw\u0119. W ich pe\u0142nej \npopkulturowych nawi\u0105za\u0144 tw\u00f3rczo\u015bci tematyka nowych technologii i \nfuturyzm mieszaj\u0105 si\u0119 z sensacyjnymi opowie\u015bciami. Najnowszy,\n drugi d\u0142ugograj\u0105cy album \u201eWidmo\u201d kr\u0105\u017cy wok\u00f3\u0142 zagadnie\u0144 wsp\u00f3\u0142czesnej \ncywilizacji, pu\u0142apek jej rozwoju, degradacji \u015brodowiska oraz rzuca \n\u015bwiat\u0142o na niedostrzegane zjawiska.<\/p>\n\n\n\n<p><strong>PRO8L3M &#8211; \u201cWIDMO\u201d LP\n<\/strong><\/p>\n\n\n\n<p><strong>TRACKLISTA:<\/strong><\/p>\n\n\n\n<p>1. \u201ePrawdy nie m\u00f3wi nikt\u201d<\/p>\n\n\n\n<p>2. \u201eRotterdam\u201d<\/p>\n\n\n\n<p>3. \u201eUSB\u201d<\/p>\n\n\n\n<p>4. \u201eJak Disney\u201d<\/p>\n\n\n\n<p>5. \u201eCrash\n test\u201d<\/p>\n\n\n\n<p>6. \u201eMonza\u201d<\/p>\n\n\n\n<p>7. \u201eTo nie by\u0142 film ft.\nArtur Rojek\u201d<\/p>\n\n\n\n<p>8. \u201eNational\n Geographic\u201d<\/p>\n\n\n\n<p>9. \u201ePirelli\u201d<\/p>\n\n\n\n<p>10. \u201e112\u201d<\/p>\n\n\n\n<p>11. \u201eVI katastrofa\u201d<\/p>\n\n\n\n<p>12. \u201eInterpol\u201d<\/p>\n\n\n\n<p>13. \u201eWidmo\u201d<\/p>\n\n\n\n<p><strong>PRO8L3M &#8211; WIDMO TOUR:\n<\/strong><\/p>\n\n\n\n<p>07.03.2019 Zielona G\u00f3ra (Piwnica artystyczna\n Kawon) | Sold Out<\/p>\n\n\n\n<p>08.03.2019 Pozna\u0144 (Tama) | Sold Out<\/p>\n\n\n\n<p>09.03.2019 Toru\u0144 (Od Nowa) | Sold Out<\/p>\n\n\n\n<p>14.03.2019 Rzesz\u00f3w (Pod Palm\u0105)<\/p>\n\n\n\n<p>15.03.2019\n Lublin (Klub Graffiti) | Sold Out<\/p>\n\n\n\n<p>16.03.2019\n Kielce (Grand Music Club)<\/p>\n\n\n\n<p>22.03.2019 \u0141\u00f3d\u017a (Klub Wytw\u00f3rnia) | Sold\n Out<\/p>\n\n\n\n<p>23.03.2019\n Gda\u0144sk (B90) | Sold Out<\/p>\n\n\n\n<p>28.03.2019 Bielsko-Bia\u0142a (Galeria\n Bielska BWA)<\/p>\n\n\n\n<p>29.03.2019 Wroc\u0142aw (A2\n &#8211; Centrum Koncertowe) | Sold Out<\/p>\n\n\n\n<p>30.03.2019 Warszawa (Hala Ko\u0142o) | Sold\n Out<\/p>\n\n\n\n<p>04.04.2019 Opole (Narodowe\n Centrum Polskiej Piosenki) <\/p>\n\n\n\n<p>05.04.2019 Katowice (MCK) | Sold Out<\/p>\n\n\n\n<p>06.04.2019 Krak\u00f3w (Klub Studio) | Sold\n Out<\/p>\n","protected":false},"excerpt":{"rendered":"<p>Oskar i Steez prezentuj\u0105 sw\u00f3j drugi album d\u0142ugograj\u0105cy \u201cWidmo\u201d, kt\u00f3ry jeszcze przed premier\u0105 uzyska\u0142 status z\u0142otej p\u0142yty. Nowe wydawnictwo duetu PRO8L3M trafi\u0142o dzi\u015b do dystrybucji w salonach Empik, na YouTube, Spotify oraz innych platformach streamingowych. Trasa koncertowa promuj\u0105ca p\u0142yt\u0119 startuje ju\u017c za kilka dni! Wydawca: Wydawnictwo Agora Warszawska grupa PRO8L3M powr\u00f3ci\u0142a z nowym albumem! Od [&hellip;]<\/p>\n","protected":false},"author":1,"featured_media":0,"comment_status":"closed","ping_status":"open","sticky":false,"template":"","format":"standard","meta":{"jetpack_post_was_ever_published":false,"_jetpack_newsletter_access":"","_jetpack_dont_email_post_to_subs":false,"_jetpack_newsletter_tier_id":0,"_jetpack_memberships_contains_paywalled_content":false,"_jetpack_memberships_contains_paid_content":false,"footnotes":"","jetpack_publicize_message":"","jetpack_publicize_feature_enabled":true,"jetpack_social_post_already_shared":true,"jetpack_social_options":{"image_generator_settings":{"template":"highway","default_image_id":0,"enabled":false},"version":2}},"categories":[1],"tags":[],"class_list":["post-15945","post","type-post","status-publish","format-standard","hentry","category-uncategorized"],"jetpack_publicize_connections":[],"jetpack_featured_media_url":"","jetpack_sharing_enabled":true,"jetpack_shortlink":"https:\/\/wp.me\/p67auQ-49b","_links":{"self":[{"href":"http:\/\/muzykabeztajemnic.info.pl\/index.php?rest_route=\/wp\/v2\/posts\/15945","targetHints":{"allow":["GET"]}}],"collection":[{"href":"http:\/\/muzykabeztajemnic.info.pl\/index.php?rest_route=\/wp\/v2\/posts"}],"about":[{"href":"http:\/\/muzykabeztajemnic.info.pl\/index.php?rest_route=\/wp\/v2\/types\/post"}],"author":[{"embeddable":true,"href":"http:\/\/muzykabeztajemnic.info.pl\/index.php?rest_route=\/wp\/v2\/users\/1"}],"replies":[{"embeddable":true,"href":"http:\/\/muzykabeztajemnic.info.pl\/index.php?rest_route=%2Fwp%2Fv2%2Fcomments&post=15945"}],"version-history":[{"count":0,"href":"http:\/\/muzykabeztajemnic.info.pl\/index.php?rest_route=\/wp\/v2\/posts\/15945\/revisions"}],"wp:attachment":[{"href":"http:\/\/muzykabeztajemnic.info.pl\/index.php?rest_route=%2Fwp%2Fv2%2Fmedia&parent=15945"}],"wp:term":[{"taxonomy":"category","embeddable":true,"href":"http:\/\/muzykabeztajemnic.info.pl\/index.php?rest_route=%2Fwp%2Fv2%2Fcategories&post=15945"},{"taxonomy":"post_tag","embeddable":true,"href":"http:\/\/muzykabeztajemnic.info.pl\/index.php?rest_route=%2Fwp%2Fv2%2Ftags&post=15945"}],"curies":[{"name":"wp","href":"https:\/\/api.w.org\/{rel}","templated":true}]}}