{"id":15890,"date":"2019-02-25T10:24:51","date_gmt":"2019-02-25T10:24:51","guid":{"rendered":"https:\/\/muzykabeztajemnic.info.pl\/?p=15890"},"modified":"2019-02-25T10:24:56","modified_gmt":"2019-02-25T10:24:56","slug":"gory-lasy-i-gitary-koncert-wbrew-stereotypom-w-katowicach","status":"publish","type":"post","link":"http:\/\/muzykabeztajemnic.info.pl\/?p=15890","title":{"rendered":"\u201eG\u00f3ry, lasy i gitary\u201d \u2013 koncert wbrew stereotypom w Katowicach"},"content":{"rendered":"\n<figure class=\"wp-block-image\"><img loading=\"lazy\" decoding=\"async\" width=\"418\" height=\"600\" src=\"https:\/\/muzykabeztajemnic.info.pl\/wp-content\/uploads\/2019\/02\/GLiG-plakat_686-x-986-FINA\u0141-418x600.jpg\" alt=\"\" class=\"wp-image-15891\" srcset=\"http:\/\/muzykabeztajemnic.info.pl\/wp-content\/uploads\/2019\/02\/GLiG-plakat_686-x-986-FINA\u0141-418x600.jpg 418w, http:\/\/muzykabeztajemnic.info.pl\/wp-content\/uploads\/2019\/02\/GLiG-plakat_686-x-986-FINA\u0141-209x300.jpg 209w, http:\/\/muzykabeztajemnic.info.pl\/wp-content\/uploads\/2019\/02\/GLiG-plakat_686-x-986-FINA\u0141-768x1104.jpg 768w, http:\/\/muzykabeztajemnic.info.pl\/wp-content\/uploads\/2019\/02\/GLiG-plakat_686-x-986-FINA\u0141.jpg 835w\" sizes=\"auto, (max-width: 418px) 100vw, 418px\" \/><\/figure>\n\n\n\n<p>Wolna Grupa Bukowina, Beltaine, Pil\u00e1r, 032, Sami oraz kabaret Drzewo a Gada \u2013 to oni ju\u017c 15.03 wyst\u0105pi\u0105 na scenie Katowic Miasta Ogrod\u00f3w. \u2013 B\u0119dziemy \u015bpiewa\u0107 poezj\u0119, miesza\u0107 folk z rockiem i po prostu dobrze si\u0119 bawi\u0107 \u2013 zapowiada Anita Sajn\u00f3g. Co \u0142\u0105czy tak r\u00f3\u017cnych na poz\u00f3r artyst\u00f3w i jaka jest idea koncertu?<\/p>\n\n\n\n<p>Katowice Miasto Ogrod\u00f3w i Stowarzyszenie Absurdalny Kabaret wspieraj\u0105ce tw\u00f3rczo\u015b\u0107 os\u00f3b z niepe\u0142nosprawno\u015bci\u0105 szykuj\u0105 koncert wbrew stereotypom. 15.03 na sali koncertowej przy pl. Sejmu \u015al\u0105skiego 2 w Katowicach arty\u015bci zagraj\u0105 wbrew temu, co m\u00f3wi si\u0119 o G\u00f3rnym \u015al\u0105sku, wbrew stereotypowi o niepe\u0142nosprawno\u015bci w tw\u00f3rczo\u015bci czy wreszcie \u2013 wbrew zamykaniu si\u0119 na dany gatunek muzyczny. <\/p>\n\n\n\n<p>G\u00f3rny \u015al\u0105sk \u2013 nie \u201emiasto w\u0119gla\u201d, a \u201eMiasto Ogrod\u00f3w\u201d<\/p>\n\n\n\n<p>To, \u017ce G\u00f3rny \u015al\u0105sk jest \u201ebrudny\u201d, \u201eczarny\u201d i \u201eprzemys\u0142owy\u201d to chyba najpopularniejszy stereotyp na temat tego regionu. \u2013 Do\u015bwiadczaj\u0105 tego zar\u00f3wno mieszka\u0144cy G\u00f3rnego \u015al\u0105ska, jak i patrz\u0105cy na niego z zewn\u0105trz. I niewa\u017cne, czy mowa o regionie zdegradowanym, czy ju\u017c postindustrialnym \u2013 m\u00f3wi Bartosz Bialik, lider grupy 032. \u2013 Tymczasem kiedy udajemy si\u0119 na G\u00f3r\u0119 \u015bw. Anny, do las\u00f3w w okolicach Rud, Lubli\u0144ca czy Pszczyny, albo kiedy w\u0119drujemy po Karpatach czy Sudetach, do\u015bwiadczamy czego\u015b zupe\u0142nie innego. Nawet podczas wycieczki rowerowej po okolicach Miko\u0142owa, Gliwic, Tych\u00f3w czy Piekar okazuje si\u0119, \u017ce to region \u0142agodnych las\u00f3w, wielkich i ma\u0142ych rzek, zielonych wzg\u00f3rz i pag\u00f3rk\u00f3w \u2013 zauwa\u017ca muzyk.<\/p>\n\n\n\n<p>I nie tylko on, ale te\u017c tw\u00f3rcy wielkiej literatury \u2013 czy to gliwicki powie\u015bciopisarz, Horst Bienek, czy najwybitniejszy poeta g\u00f3rno\u015bl\u0105ski (i jeden z najwybitniejszych w Europie!), Joseph von Eichendorff. \u2013 Nawet je\u015bli sobie tego nie u\u015bwiadamiamy, relacja z przyrod\u0105 to jeden z fundamentalnych komponent\u00f3w g\u00f3rno\u015bl\u0105skiej to\u017csamo\u015bci \u2013 podkre\u015bla Bartosz Bialik. Nieprzypadkowo wi\u0119c \u201eG\u00f3ry, lasy i gitary\u201d odb\u0119d\u0105 si\u0119 w samym sercu G\u00f3rnego \u015al\u0105ska \u2013 Katowicach, w dodatku nie w \u201emie\u015bcie w\u0119gla\u201d, a Mie\u015bcie Ogrod\u00f3w.<\/p>\n\n\n\n<figure class=\"wp-block-embed-youtube wp-block-embed is-type-video is-provider-youtube wp-embed-aspect-16-9 wp-has-aspect-ratio\"><div class=\"wp-block-embed__wrapper\">\n<iframe loading=\"lazy\" title=\"G\u00f3ry, Lasy i Gitary - koncert wbrew stereotypom w Katowicach (Zapowied\u017a)\" width=\"800\" height=\"450\" src=\"https:\/\/www.youtube.com\/embed\/yhoTBuOTKW4?feature=oembed\" frameborder=\"0\" allow=\"accelerometer; autoplay; clipboard-write; encrypted-media; gyroscope; picture-in-picture; web-share\" referrerpolicy=\"strict-origin-when-cross-origin\" allowfullscreen><\/iframe>\n<\/div><\/figure>\n\n\n\n<p>(Nie)pe\u0142nosprawno\u015b\u0107<\/p>\n\n\n\n<p>15.03 z programem poezji \u015bpiewanej zaprezentuje si\u0119 maj\u0105cy na koncie wiele nagr\u00f3d, a przede wszystkim niezwykle utalentowanych w artyst\u00f3w w sk\u0142adzie, kabaret Drzewo a Gada. Us\u0142yszymy te\u017c m.in. zesp\u00f3\u0142 Pil\u00e1r. Jego wokalistka, Anita Sajn\u00f3g, to niezwykle silna kobieta \u2013 jest przyk\u0142adem na to, \u017ce ci\u0119\u017cka choroba nie musi przekre\u015bla\u0107 pasji i zawodowych aktywno\u015bci. Artystka z odwag\u0105 i determinacj\u0105 stawia czo\u0142a przeciwno\u015bciom losu, z pe\u0142n\u0105 sprawno\u015bci\u0105 robi\u0105c to, co kocha.<\/p>\n\n\n\n<p>Pop-rock a poezja \u015bpiewana<\/p>\n\n\n\n<p>Koncert \u201eG\u00f3ry, lasy i gitary\u201d po\u015bwi\u0119cony b\u0119dzie tematowi, z kt\u00f3rym nieod\u0142\u0105cznie zwi\u0105zana jest poezja \u015bpiewana. Nie powinno wi\u0119c dziwi\u0107, \u017ce gwiazd\u0105 wieczoru b\u0119dzie Wolna Grupa Bukowina. Z ide\u0105 koncertu w spos\u00f3b oczywisty wi\u0105\u017ce si\u0119 te\u017c muzyka folkowa. Obok \u201e\u017cywej legendy\u201d piosenki poetyckiej wyst\u0105pi popularny nie tylko w Polsce zesp\u00f3\u0142 Beltaine. Temat koncertu ma te\u017c silny wp\u0142yw na artyst\u00f3w g\u00f3rno\u015bl\u0105skich. St\u0105d obecno\u015b\u0107 folkowo-rockowego zespo\u0142u 032, kt\u00f3ry wykonuje teksty pisane po \u015bl\u0105sku i poruszaj\u0105ce wa\u017cne dla tego regionu tematy.<\/p>\n\n\n\n<p>Zaskoczy\u0107 mo\u017ce za to obecno\u015b\u0107 pop-rockowej grupy Sami. Autorzy popularnego do dzi\u015b hitu \u201eLato 2000\u201d z refrenem: \u201eS\u0142o\u0144ce \u015bwieci nad nami (\u2026)\u201d zaprezentuj\u0105 si\u0119 w zupe\u0142nie innym wydaniu. Poka\u017c\u0105, \u017ce w swoim repertuarze obok \u201eradiowych\u201d singli maj\u0105 piosenk\u0119 poetyck\u0105. Przede wszystkim jednak specjalnie na t\u0119 okazj\u0119 przygotuj\u0105 nowe utwory.<\/p>\n\n\n\n<p>Imprez\u0119 poprowadzi komik, kabareciarz i stand-uper, Marcin Zbigniew Wojciech.<\/p>\n\n\n\n<p>Start: godz. 19. Harmonogram wyst\u0119p\u00f3w:<\/p>\n\n\n\n<p>19.00\u201419.20: Drzewo a Gada (20 min),<br>\n19.25\u201419.50: Sami (25 min),<br>\n19.55\u201420.20: 032 (25 min),<br>\n20.25\u201420.50: Pil\u00e1r (25 min),<br>\n20.55\u201421.35: Beltaine (40 min),<br>\n21.40\u201422.25: Wolna Grupa Bukowina (45 min).<\/p>\n\n\n\n<p>Bilety w cenie 25 z\u0142 w przedsprzeda\u017cy i 30 z\u0142 w dniu koncertu dost\u0119pne s\u0105 na www.ticketportal.pl\/Event\/GORY_LASY_i_GITARY oraz w kasie Katowic Miasta Ogrod\u00f3w \u2013 Instytucji Kultury im. Krystyny Bochenek w Katowicach (po okazaniu legitymacji studenckiej lub karty Aktywny Senior 60+ dost\u0119pne bilety ulgowe w cenie 15 z\u0142).<\/p>\n\n\n\n<p>Pomys\u0142odawc\u0105 koncertu jest g\u00f3rno\u015bl\u0105ski muzyk i inicjator \u017cycia kulturalnego regionu (szczeg\u00f3lnie, je\u015bli chodzi o osoby z niepe\u0142nosprawno\u015bci\u0105), Micha\u0142 Laksa. Patronat medialny nad wydarzeniem sprawuj\u0105: Polskie Radio Katowice, Radio eM, Radio Piekary, Radio Fest, Folk24.pl, miesi\u0119cznik \u201eOutro\u201d, Niepelnosprawni.pl i magazyn \u201eIntegracja\u201d, Niewidzialni.eu, portal Rampa.net.pl oraz telewizja TVS. Mecenatem dzia\u0142a\u0144 Stowarzyszenia Absurdalny Kabaret jest Gwarant Grupa Kapita\u0142owa S.A. Bie\u017c\u0105ce informacje na temat imprezy dost\u0119pne s\u0105 na stronie wydarzenia na Facebooku: <a href=\"http:\/\/www.fb.com\/events\/834926253515209\">www.fb.com\/events\/834926253515209<\/a>.<\/p>\n\n\n\n<p>Tekst: Kajetan Balcer<\/p>\n","protected":false},"excerpt":{"rendered":"<p>Wolna Grupa Bukowina, Beltaine, Pil\u00e1r, 032, Sami oraz kabaret Drzewo a Gada \u2013 to oni ju\u017c 15.03 wyst\u0105pi\u0105 na scenie Katowic Miasta Ogrod\u00f3w. \u2013 B\u0119dziemy \u015bpiewa\u0107 poezj\u0119, miesza\u0107 folk z rockiem i po prostu dobrze si\u0119 bawi\u0107 \u2013 zapowiada Anita Sajn\u00f3g. Co \u0142\u0105czy tak r\u00f3\u017cnych na poz\u00f3r artyst\u00f3w i jaka jest idea koncertu? Katowice Miasto [&hellip;]<\/p>\n","protected":false},"author":1,"featured_media":15891,"comment_status":"closed","ping_status":"open","sticky":false,"template":"","format":"standard","meta":{"jetpack_post_was_ever_published":false,"_jetpack_newsletter_access":"","_jetpack_dont_email_post_to_subs":false,"_jetpack_newsletter_tier_id":0,"_jetpack_memberships_contains_paywalled_content":false,"_jetpack_memberships_contains_paid_content":false,"footnotes":"","jetpack_publicize_message":"","jetpack_publicize_feature_enabled":true,"jetpack_social_post_already_shared":true,"jetpack_social_options":{"image_generator_settings":{"template":"highway","default_image_id":0,"enabled":false},"version":2}},"categories":[1],"tags":[],"class_list":["post-15890","post","type-post","status-publish","format-standard","has-post-thumbnail","hentry","category-uncategorized"],"jetpack_publicize_connections":[],"jetpack_featured_media_url":"http:\/\/muzykabeztajemnic.info.pl\/wp-content\/uploads\/2019\/02\/GLiG-plakat_686-x-986-FINA\u0141.jpg","jetpack_sharing_enabled":true,"jetpack_shortlink":"https:\/\/wp.me\/p67auQ-48i","_links":{"self":[{"href":"http:\/\/muzykabeztajemnic.info.pl\/index.php?rest_route=\/wp\/v2\/posts\/15890","targetHints":{"allow":["GET"]}}],"collection":[{"href":"http:\/\/muzykabeztajemnic.info.pl\/index.php?rest_route=\/wp\/v2\/posts"}],"about":[{"href":"http:\/\/muzykabeztajemnic.info.pl\/index.php?rest_route=\/wp\/v2\/types\/post"}],"author":[{"embeddable":true,"href":"http:\/\/muzykabeztajemnic.info.pl\/index.php?rest_route=\/wp\/v2\/users\/1"}],"replies":[{"embeddable":true,"href":"http:\/\/muzykabeztajemnic.info.pl\/index.php?rest_route=%2Fwp%2Fv2%2Fcomments&post=15890"}],"version-history":[{"count":0,"href":"http:\/\/muzykabeztajemnic.info.pl\/index.php?rest_route=\/wp\/v2\/posts\/15890\/revisions"}],"wp:featuredmedia":[{"embeddable":true,"href":"http:\/\/muzykabeztajemnic.info.pl\/index.php?rest_route=\/wp\/v2\/media\/15891"}],"wp:attachment":[{"href":"http:\/\/muzykabeztajemnic.info.pl\/index.php?rest_route=%2Fwp%2Fv2%2Fmedia&parent=15890"}],"wp:term":[{"taxonomy":"category","embeddable":true,"href":"http:\/\/muzykabeztajemnic.info.pl\/index.php?rest_route=%2Fwp%2Fv2%2Fcategories&post=15890"},{"taxonomy":"post_tag","embeddable":true,"href":"http:\/\/muzykabeztajemnic.info.pl\/index.php?rest_route=%2Fwp%2Fv2%2Ftags&post=15890"}],"curies":[{"name":"wp","href":"https:\/\/api.w.org\/{rel}","templated":true}]}}