{"id":15881,"date":"2019-02-25T10:15:48","date_gmt":"2019-02-25T10:15:48","guid":{"rendered":"https:\/\/muzykabeztajemnic.info.pl\/?p=15881"},"modified":"2019-02-25T10:15:54","modified_gmt":"2019-02-25T10:15:54","slug":"alessia-cara-specjalnym-gosciem-koncertu-shawna-mendesa-w-polsce","status":"publish","type":"post","link":"http:\/\/muzykabeztajemnic.info.pl\/?p=15881","title":{"rendered":"Alessia Cara specjalnym go\u015bciem koncertu Shawna Mendesa w Polsce!"},"content":{"rendered":"\n<figure class=\"wp-block-image\"><img loading=\"lazy\" decoding=\"async\" width=\"418\" height=\"600\" src=\"https:\/\/muzykabeztajemnic.info.pl\/wp-content\/uploads\/2019\/02\/Shawn_Mendes_Poland_with_special_guest-418x600.jpg\" alt=\"\" class=\"wp-image-15882\" srcset=\"http:\/\/muzykabeztajemnic.info.pl\/wp-content\/uploads\/2019\/02\/Shawn_Mendes_Poland_with_special_guest-418x600.jpg 418w, http:\/\/muzykabeztajemnic.info.pl\/wp-content\/uploads\/2019\/02\/Shawn_Mendes_Poland_with_special_guest-209x300.jpg 209w, http:\/\/muzykabeztajemnic.info.pl\/wp-content\/uploads\/2019\/02\/Shawn_Mendes_Poland_with_special_guest.jpg 714w\" sizes=\"auto, (max-width: 418px) 100vw, 418px\" \/><\/figure>\n\n\n\n<table class=\"wp-block-table\"><tbody><tr><td><strong>Znamy\n artystk\u0119, kt\u00f3ra wyst\u0105pi przed polskim koncertem Shawna Mendesa. Go\u015bciem\n specjalnym 2 kwietnia w Tauron Arena Krak\u00f3w b\u0119dzie jego rodaczka i \nwschodz\u0105ca mi\u0119dzynarodowa gwiazda, Alessia Cara.<\/strong>&nbsp;<\/td><\/tr><\/tbody><\/table>\n\n\n\n<table class=\"wp-block-table\"><tbody><tr><td>Kanadyjska\n piosenkarka i instrumentalistka ju\u017c w dzieci\u0144stwie da\u0142a si\u0119 pozna\u0107 jako\n bardzo kreatywna osoba. W wieku dziesi\u0119ciu lat rozpocz\u0119\u0142a nauk\u0119 gry na \ngitarze, a trzy lata p\u00f3\u017aniej za\u0142o\u017cy\u0142a kana\u0142 w serwisie YouTube, na \nkt\u00f3rym zamieszcza\u0142a w\u0142asne, akustyczne interpretacje \u015bwiatowych hit\u00f3w. \nAlessia Cara szybko zwr\u00f3ci\u0142a na siebie uwag\u0119 fan\u00f3w i wytw\u00f3rni p\u0142ytowych.\n W 2015 roku \u015bwiat\u0142o dzienne ujrza\u0142 jej pierwszy singiel &#8222;Here&#8221;, kt\u00f3ry z\n czasem trafi\u0142 w USA do pierwszej pi\u0105tki zestawienia Billboard Hot 100. \n\u015awietne przyj\u0119cie kolejnych singli, nagranie piosenki na angloj\u0119zyczny \nsoundtrack animowanego hitu \u201eVaiana\u201d oraz wsp\u00f3\u0142praca z takimi artystami \njak Troye Sivan czy Logic wp\u0142yn\u0119\u0142y na ogromny wzrost popularno\u015bci Cary. \nNatomiast sukces debiutanckiego albumu &#8222;Know-It-All&#8221; przyczyni\u0142 si\u0119 do \nzdobycia nagrody Grammy w kategorii Best New Artist. W listopadzie \nubieg\u0142ego roku doczekali\u015bmy si\u0119 jej drugiego albumu &#8222;The Pains of \nGrowing&#8221;.&nbsp;<\/td><\/tr><\/tbody><\/table>\n\n\n\n<table class=\"wp-block-table\"><tbody><tr><td><strong>SHAWN MENDES: THE TOUR<\/strong><strong>with Special Guest: Alessia Cara<\/strong>&nbsp;<strong>2.04.2019, KRAK\u00d3W<\/strong><strong>TAURON Arena Krak\u00f3w<\/strong><\/td><\/tr><\/tbody><\/table>\n","protected":false},"excerpt":{"rendered":"<p>Znamy artystk\u0119, kt\u00f3ra wyst\u0105pi przed polskim koncertem Shawna Mendesa. Go\u015bciem specjalnym 2 kwietnia w Tauron Arena Krak\u00f3w b\u0119dzie jego rodaczka i wschodz\u0105ca mi\u0119dzynarodowa gwiazda, Alessia Cara.&nbsp; Kanadyjska piosenkarka i instrumentalistka ju\u017c w dzieci\u0144stwie da\u0142a si\u0119 pozna\u0107 jako bardzo kreatywna osoba. W wieku dziesi\u0119ciu lat rozpocz\u0119\u0142a nauk\u0119 gry na gitarze, a trzy lata p\u00f3\u017aniej za\u0142o\u017cy\u0142a kana\u0142 [&hellip;]<\/p>\n","protected":false},"author":1,"featured_media":15882,"comment_status":"closed","ping_status":"open","sticky":false,"template":"","format":"standard","meta":{"jetpack_post_was_ever_published":false,"_jetpack_newsletter_access":"","_jetpack_dont_email_post_to_subs":false,"_jetpack_newsletter_tier_id":0,"_jetpack_memberships_contains_paywalled_content":false,"_jetpack_memberships_contains_paid_content":false,"footnotes":"","jetpack_publicize_message":"","jetpack_publicize_feature_enabled":true,"jetpack_social_post_already_shared":true,"jetpack_social_options":{"image_generator_settings":{"template":"highway","default_image_id":0,"enabled":false},"version":2}},"categories":[4],"tags":[],"class_list":["post-15881","post","type-post","status-publish","format-standard","has-post-thumbnail","hentry","category-koncerty"],"jetpack_publicize_connections":[],"jetpack_featured_media_url":"http:\/\/muzykabeztajemnic.info.pl\/wp-content\/uploads\/2019\/02\/Shawn_Mendes_Poland_with_special_guest.jpg","jetpack_sharing_enabled":true,"jetpack_shortlink":"https:\/\/wp.me\/p67auQ-489","_links":{"self":[{"href":"http:\/\/muzykabeztajemnic.info.pl\/index.php?rest_route=\/wp\/v2\/posts\/15881","targetHints":{"allow":["GET"]}}],"collection":[{"href":"http:\/\/muzykabeztajemnic.info.pl\/index.php?rest_route=\/wp\/v2\/posts"}],"about":[{"href":"http:\/\/muzykabeztajemnic.info.pl\/index.php?rest_route=\/wp\/v2\/types\/post"}],"author":[{"embeddable":true,"href":"http:\/\/muzykabeztajemnic.info.pl\/index.php?rest_route=\/wp\/v2\/users\/1"}],"replies":[{"embeddable":true,"href":"http:\/\/muzykabeztajemnic.info.pl\/index.php?rest_route=%2Fwp%2Fv2%2Fcomments&post=15881"}],"version-history":[{"count":0,"href":"http:\/\/muzykabeztajemnic.info.pl\/index.php?rest_route=\/wp\/v2\/posts\/15881\/revisions"}],"wp:featuredmedia":[{"embeddable":true,"href":"http:\/\/muzykabeztajemnic.info.pl\/index.php?rest_route=\/wp\/v2\/media\/15882"}],"wp:attachment":[{"href":"http:\/\/muzykabeztajemnic.info.pl\/index.php?rest_route=%2Fwp%2Fv2%2Fmedia&parent=15881"}],"wp:term":[{"taxonomy":"category","embeddable":true,"href":"http:\/\/muzykabeztajemnic.info.pl\/index.php?rest_route=%2Fwp%2Fv2%2Fcategories&post=15881"},{"taxonomy":"post_tag","embeddable":true,"href":"http:\/\/muzykabeztajemnic.info.pl\/index.php?rest_route=%2Fwp%2Fv2%2Ftags&post=15881"}],"curies":[{"name":"wp","href":"https:\/\/api.w.org\/{rel}","templated":true}]}}