{"id":15807,"date":"2019-02-13T11:05:17","date_gmt":"2019-02-13T11:05:17","guid":{"rendered":"https:\/\/muzykabeztajemnic.info.pl\/?p=15807"},"modified":"2019-02-13T11:05:22","modified_gmt":"2019-02-13T11:05:22","slug":"zespol-rebeka-powraca-z-nowym-gitarowym-i-polskim-singlem-fale","status":"publish","type":"post","link":"http:\/\/muzykabeztajemnic.info.pl\/?p=15807","title":{"rendered":"Zesp\u00f3\u0142 Rebeka powraca z nowym, gitarowym i polskim singlem \u201eFale\u201d"},"content":{"rendered":"\n<figure class=\"wp-block-image\"><img loading=\"lazy\" decoding=\"async\" width=\"600\" height=\"600\" src=\"https:\/\/muzykabeztajemnic.info.pl\/wp-content\/uploads\/2019\/02\/Fale-cover-600x600.jpg\" alt=\"\" class=\"wp-image-15808\" srcset=\"http:\/\/muzykabeztajemnic.info.pl\/wp-content\/uploads\/2019\/02\/Fale-cover-600x600.jpg 600w, http:\/\/muzykabeztajemnic.info.pl\/wp-content\/uploads\/2019\/02\/Fale-cover-150x150.jpg 150w, http:\/\/muzykabeztajemnic.info.pl\/wp-content\/uploads\/2019\/02\/Fale-cover-300x300.jpg 300w, http:\/\/muzykabeztajemnic.info.pl\/wp-content\/uploads\/2019\/02\/Fale-cover.jpg 700w\" sizes=\"auto, (max-width: 600px) 100vw, 600px\" \/><\/figure>\n\n\n\n<p>\nPo dw\u00f3ch latach od wydania \u201e<strong>Davos<\/strong>\u201d, Iwona\n<strong>Skwarek i Bartosz Szcz\u0119sny<\/strong> wychodz\u0105 z materia\u0142em, kt\u00f3ry przypomni\n wszystkim marzycielom o tym, \u017ce istnieje \u015bwiat r\u00f3wnoleg\u0142y, a dzi\u0119ki tej\n p\u0142ycie b\u0119dziemy mogli si\u0119 w niego zag\u0142\u0119bi\u0107.\n<\/p>\n\n\n\n<p>\u201ePOST\n DREAMS to b\u0119dzie prawdopodobnie najbardziej piosenkowa p\u0142yta Rebeki. \nStarali\u015bmy si\u0119 zawrze\u0107 w niej mn\u00f3stwo r\u00f3\u017cnorodno\u015bci.&nbsp; Z jednej strony \nwydaje si\u0119\n utkana z delikatnych ornament\u00f3w, z drugiej strony uderza pot\u0119\u017cn\u0105 fal\u0105 \nprzesterowanych gitar i ci\u0119\u017ckich b\u0119bn\u00f3w. Zdecydowali\u015bmy si\u0119 wprowadzi\u0107 \nnieco nowo\u015bci do naszego stylu komponowania i zaprosili\u015bmy do wsp\u00f3\u0142pracy\n gitarzyst\u0119, tr\u0119bacza oraz kwartet smyczkowy.\n Na p\u0142ycie znalaz\u0142y si\u0119 trzy utwory po polsku: \u201dFale\u201d, \u201eZach\u00f3d\u201d oraz \n\u015awiat\u0142a\u201d, ju\u017c si\u0119 nie mo\u017cemy doczeka\u0107 a\u017c je Wam zaprezentujemy na \n\u017cywo!!!\u201d \u2013 m\u00f3wi duet Rebeka.<\/p>\n\n\n\n<p><strong>Album uka\u017ce si\u0119 22 Lutego nak\u0142adem wydawnictwa\n Agora.<\/strong><\/p>\n\n\n\n<p> Z okazji nowego wydawnictwa Rebeka wyrusza w tras\u0119 koncertow\u0105, tym razem jako <strong>TRIO<\/strong>!  Na koncercie us\u0142yszycie materia\u0142 z nadchodz\u0105cej p\u0142yty, jak i  przearan\u017cowane hity z dw\u00f3ch poprzednich kr\u0105\u017ck\u00f3w oraz dawno nie s\u0142yszane  kawa\u0142ki takie jak \u201a555\u2019 czy \u201aFail\u2019. <\/p>\n\n\n\n<p>\nBartek:\n<\/p>\n\n\n\n<p>\n\u201eChcia\u0142em,\n by by\u0142 to szalony i energetyczny utw\u00f3r. Ciesz\u0119 si\u0119, \u017ce przesterowany \nbas wklei\u0142 si\u0119 jak w mas\u0142o. W m\u0142odo\u015bci s\u0142ucha\u0142em wi\u0119cej gitarowej muzyki\n i w tym kawa\u0142ku m\u0142odzie\u0144cza\n fantazja mog\u0142a znale\u017a\u0107 swoje uj\u015bcie.\u201d<\/p>\n\n\n\n<p>\nIwona:\n<\/p>\n\n\n\n<p>\n\u201eFale\u201d\n to w tej chwili dla mnie najwa\u017cniejsza piosenka Rebeki. Wszystko \nzacz\u0119\u0142o si\u0119 od nagrania partii gitary i zaimprowizowania tekstu. \nInspirowa\u0142am si\u0119 wtedy bardzo filmami\n Tarkowskiego. \u015apiewam w niej o niego\u015bcinno\u015bci \u015bwiata, kt\u00f3r\u0105 jednak da \nsi\u0119 pokona\u0107 moc\u0105 mi\u0142o\u015bci. Mam wielk\u0105 nadziej\u0119, \u017ce s\u0142uchacze poczuj\u0105 \ns\u0142ony smak bryzy w ustach. Ta piosenka prawie przepad\u0142a w szufladzie z \ndem\u00f3wkami, uratowana przez s\u0142owa mojej przyjaci\u00f3\u0142ki:\n \u201eFale, fale s\u0105 magiczne, musz\u0105 wej\u015b\u0107 na p\u0142yt\u0119\u201d &#8211;&nbsp; co wzi\u0119\u0142am sobie \nbardzo do serca.\u201d<\/p>\n\n\n\n<p>\nMuzyka, s\u0142owa, mix i mastering niezmiennie zosta\u0142y stworzone przez Bartka Szcz\u0119snego i Iwon\u0119 Skwarek.<\/p>\n","protected":false},"excerpt":{"rendered":"<p>Po dw\u00f3ch latach od wydania \u201eDavos\u201d, Iwona Skwarek i Bartosz Szcz\u0119sny wychodz\u0105 z materia\u0142em, kt\u00f3ry przypomni wszystkim marzycielom o tym, \u017ce istnieje \u015bwiat r\u00f3wnoleg\u0142y, a dzi\u0119ki tej p\u0142ycie b\u0119dziemy mogli si\u0119 w niego zag\u0142\u0119bi\u0107. \u201ePOST DREAMS to b\u0119dzie prawdopodobnie najbardziej piosenkowa p\u0142yta Rebeki. Starali\u015bmy si\u0119 zawrze\u0107 w niej mn\u00f3stwo r\u00f3\u017cnorodno\u015bci.&nbsp; Z jednej strony wydaje si\u0119 [&hellip;]<\/p>\n","protected":false},"author":1,"featured_media":15808,"comment_status":"closed","ping_status":"open","sticky":false,"template":"","format":"standard","meta":{"jetpack_post_was_ever_published":false,"_jetpack_newsletter_access":"","_jetpack_dont_email_post_to_subs":false,"_jetpack_newsletter_tier_id":0,"_jetpack_memberships_contains_paywalled_content":false,"_jetpack_memberships_contains_paid_content":false,"footnotes":"","jetpack_publicize_message":"","jetpack_publicize_feature_enabled":true,"jetpack_social_post_already_shared":true,"jetpack_social_options":{"image_generator_settings":{"template":"highway","default_image_id":0,"enabled":false},"version":2}},"categories":[1],"tags":[],"class_list":["post-15807","post","type-post","status-publish","format-standard","has-post-thumbnail","hentry","category-uncategorized"],"jetpack_publicize_connections":[],"jetpack_featured_media_url":"http:\/\/muzykabeztajemnic.info.pl\/wp-content\/uploads\/2019\/02\/Fale-cover.jpg","jetpack_sharing_enabled":true,"jetpack_shortlink":"https:\/\/wp.me\/p67auQ-46X","_links":{"self":[{"href":"http:\/\/muzykabeztajemnic.info.pl\/index.php?rest_route=\/wp\/v2\/posts\/15807","targetHints":{"allow":["GET"]}}],"collection":[{"href":"http:\/\/muzykabeztajemnic.info.pl\/index.php?rest_route=\/wp\/v2\/posts"}],"about":[{"href":"http:\/\/muzykabeztajemnic.info.pl\/index.php?rest_route=\/wp\/v2\/types\/post"}],"author":[{"embeddable":true,"href":"http:\/\/muzykabeztajemnic.info.pl\/index.php?rest_route=\/wp\/v2\/users\/1"}],"replies":[{"embeddable":true,"href":"http:\/\/muzykabeztajemnic.info.pl\/index.php?rest_route=%2Fwp%2Fv2%2Fcomments&post=15807"}],"version-history":[{"count":0,"href":"http:\/\/muzykabeztajemnic.info.pl\/index.php?rest_route=\/wp\/v2\/posts\/15807\/revisions"}],"wp:featuredmedia":[{"embeddable":true,"href":"http:\/\/muzykabeztajemnic.info.pl\/index.php?rest_route=\/wp\/v2\/media\/15808"}],"wp:attachment":[{"href":"http:\/\/muzykabeztajemnic.info.pl\/index.php?rest_route=%2Fwp%2Fv2%2Fmedia&parent=15807"}],"wp:term":[{"taxonomy":"category","embeddable":true,"href":"http:\/\/muzykabeztajemnic.info.pl\/index.php?rest_route=%2Fwp%2Fv2%2Fcategories&post=15807"},{"taxonomy":"post_tag","embeddable":true,"href":"http:\/\/muzykabeztajemnic.info.pl\/index.php?rest_route=%2Fwp%2Fv2%2Ftags&post=15807"}],"curies":[{"name":"wp","href":"https:\/\/api.w.org\/{rel}","templated":true}]}}