{"id":1569,"date":"2015-09-09T18:36:39","date_gmt":"2015-09-09T18:36:39","guid":{"rendered":"http:\/\/muzykabeztajemnic.info.pl\/?p=1569"},"modified":"2015-09-09T18:36:39","modified_gmt":"2015-09-09T18:36:39","slug":"armin-van-buuren-zapowiada-nowy-album-armin-van-buuren-embrace","status":"publish","type":"post","link":"http:\/\/muzykabeztajemnic.info.pl\/?p=1569","title":{"rendered":"Armin Van Buuren zapowiada nowy album! &#8211; Armin Van Buuren &#8211; Embrace"},"content":{"rendered":"<p><a href=\"http:\/\/muzykabeztajemnic.info.pl\/wp-content\/uploads\/2015\/09\/Armin-Van-Buuren-Embrace-front.jpg\"><img loading=\"lazy\" decoding=\"async\" class=\"alignnone size-full wp-image-1570\" src=\"http:\/\/muzykabeztajemnic.info.pl\/wp-content\/uploads\/2015\/09\/Armin-Van-Buuren-Embrace-front.jpg\" alt=\"Armin Van Buuren - Embrace (front)\" width=\"500\" height=\"500\" srcset=\"http:\/\/muzykabeztajemnic.info.pl\/wp-content\/uploads\/2015\/09\/Armin-Van-Buuren-Embrace-front.jpg 500w, http:\/\/muzykabeztajemnic.info.pl\/wp-content\/uploads\/2015\/09\/Armin-Van-Buuren-Embrace-front-150x150.jpg 150w, http:\/\/muzykabeztajemnic.info.pl\/wp-content\/uploads\/2015\/09\/Armin-Van-Buuren-Embrace-front-300x300.jpg 300w\" sizes=\"auto, (max-width: 500px) 100vw, 500px\" \/><\/a><\/p>\n<p>Na ten moment czeka\u0142y miliony fan\u00f3w holenderskiego artysty. Armin prezentuje ok\u0142adk\u0119 nowego albumu pt. &#8222;Embrace&#8221;, kt\u00f3r\u0105 stworzy\u0142 s\u0142ynny fotograf i re\u017cyser Anton Corbijn, znany chocia\u017cby z takich produkcji jak &#8222;Amerykanin&#8221; czy &#8222;Control&#8221; o wokali\u015bcie Joy Division.<\/p>\n<p>&nbsp;<\/p>\n<p>Ka\u017cdy kolejny singiel, remix, kompilacja czy nowy studyjny album nominowanego do nagrody GRAMMY\u00ae, holenderskiego DJ\u2019a i producenta Armina Van Buurena, zawsze wywo\u0142uj\u0105 ogromne poruszenie w\u015br\u00f3d fan\u00f3w muzyki elektronicznej. Wydany w 2013 roku materia\u0142 \u201eIntense\u201d, okaza\u0142 si\u0119 ogromnym sukcesem i zosta\u0142 wysoko oceniony zar\u00f3wno przez krytyk\u00f3w, jak i wielbicieli EDM oraz mainstreamu. Dowodem na to, jest nominacja GRAMMY\u00ae dla singla \u201eThis Is What It Feels Like\u201d, z go\u015bcinnym udzia\u0142em Trevora Guthrie. Album \u201eIntense\u201d spodoba\u0142 si\u0119 r\u00f3wnie\u017c polskim s\u0142uchaczom, jest to drugi z rz\u0119du studyjny kr\u0105\u017cek Holendra, kt\u00f3ry pokry\u0142 si\u0119 w naszym kraju z\u0142otem. Po dw\u00f3ch latach ci\u0119\u017ckiej pracy w studio, Armin Van Buuren z dum\u0105 zapowiada premier\u0119 sz\u00f3stego autorskiego albumu pt. \u201eEmbrace\u201d, kt\u00f3ry trafi do sprzeda\u017cy 30 pa\u017adziernika 2015 roku. Projekt graficzny i ikonografia dla \u201eEmbrace\u201d, zosta\u0142y stworzone przez znanego fotografa i re\u017cysera Antona Corbijna.<\/p>\n<p>Armin Van Buuren:\u00a0<em>\u201ePo \u201e76\u201d, \u201eShivers\u201d, \u201eImagine\u201d, \u201eMirage\u201d i \u201eIntense\u201d postanowi\u0142em kontynuowa\u0107 pomys\u0142 z tytu\u0142em albumu, sk\u0142adaj\u0105cym si\u0119 z jednego s\u0142owa \u201eEmbrace\u201d. Chodzi\u0142o o to, \u017ce zawiera on r\u00f3\u017cne instrumenty i d\u017awi\u0119ki kt\u00f3re w\u0142\u0105czy\u0142em do swojego brzmienia. Mam nadziej\u0119, \u017ce fani pokochaj\u0105 ten nowy etap w moim \u017cyciu. Jestem szcz\u0119\u015bliwy, \u017ce mog\u0142em pracowa\u0107 z Antonem Corbijnem. Jest to dla mnie ogromny zaszczyt i bardzo si\u0119 ciesz\u0119 z efektu tej wsp\u00f3\u0142pracy.\u201d<\/em><\/p>\n<p>&nbsp;<\/p>\n<p>Anton Corbijn:\u00a0<em>\u201eFotografuj\u0105c Armina, wpad\u0142em na pomys\u0142 aby zmieni\u0107 postrzeganie przez opini\u0119 publiczn\u0105 tego kim jest i co tworzy.<\/em>\u00a0<em>On jest takim mi\u0142ym facetem, \u017ce pracuj\u0105c nad nim stara\u0142em si\u0119 nada\u0107 odrobin\u0119 wi\u0119cej wizualnego wyrazu, kt\u00f3ry prze\u0142o\u017cy si\u0119 na kombinacj\u0119 nawi\u0105zuj\u0105c\u0105 do \u201eSier\u017canta Pieprza\u201d i \u201eMad Maxa\u201d. Chcia\u0142em, aby z jednej strony pokaza\u0107 ciekawego i weso\u0142ego cz\u0142owieka, a z drugiej wszechstronnego DJ\u2019a, kt\u00f3ry uwielbia muzyk\u0119 i podr\u00f3\u017cuje po \u015bwiecie.\u201d<\/em><\/p>\n<p><em><br \/>\n<\/em>Kiedy Armin Van Buuren wk\u0142ada ca\u0142\u0105 swoj\u0105 energi\u0119 w nowy album, \u015bwiatow\u0105 tras\u0119 koncertow\u0105, teledysk lub wyst\u0119p w klubie, on przyci\u0105ga najwybitniejszych, podobnie my\u015bl\u0105cych specjalist\u00f3w w kreatywnej przestrzeni. Z biegiem lat, fotografie Corbijna uchwyca\u0142y obrazy Keitha Richardsa, U2, Depeche Mode, Davida Bowie, Roberta De Niro, Kate Moss, Clinta Eastwooda i innych niezliczonych ikon kulturalnych i artystycznych, w karierze fotograficznej kt\u00f3ra trwa ju\u017c cztery dekady. Dla Armina, ka\u017cdy album jest ogromnym przedsi\u0119wzi\u0119ciem artystycznym. Wraz z wydawnictwem \u201eEmbrace\u201d, chce rozbi\u0107 dotychczasowe granice i wej\u015b\u0107 na kolejny poziom swojej kariery.<\/p>\n<p>Pierwszym singlem promuj\u0105cym album \u201eEmbrace\u201d jest \u201eAnother You\u201d, z go\u015bcinnym udzia\u0142em multi-platynowego artysty Mr. Probza. Do tej pory, w r\u00f3\u017cnych serwisach streamingowych, utw\u00f3r zosta\u0142 ods\u0142uchany ponad 40 milion\u00f3w razy i \u015bwietnie radzi sobie w stacjach radiowych i telewizyjnych na ca\u0142ym \u015bwiecie. Oficjalny teledysk do \u201eAnother You\u201d, zosta\u0142 odtworzony na YouTube ponad 5 milion\u00f3w razy.<\/p>\n<p><iframe loading=\"lazy\" title=\"Armin van Buuren feat. Mr. Probz - Another You (Official Music Video)\" width=\"800\" height=\"450\" src=\"https:\/\/www.youtube.com\/embed\/6Xf038zEVvM?feature=oembed\" frameborder=\"0\" allow=\"accelerometer; autoplay; clipboard-write; encrypted-media; gyroscope; picture-in-picture; web-share\" referrerpolicy=\"strict-origin-when-cross-origin\" allowfullscreen><\/iframe><\/p>\n<p>&nbsp;<\/p>\n<p><strong>PREMIERA ALBUMU:<\/strong>\u00a030.10.2015<\/p>\n<p><a href=\"http:\/\/www.sonymusic.pl\/\">www.sonymusic.pl<\/a><\/p>\n","protected":false},"excerpt":{"rendered":"<p>Na ten moment czeka\u0142y miliony fan\u00f3w holenderskiego artysty. Armin prezentuje ok\u0142adk\u0119 nowego albumu pt. &#8222;Embrace&#8221;, kt\u00f3r\u0105 stworzy\u0142 s\u0142ynny fotograf i re\u017cyser Anton Corbijn, znany chocia\u017cby z takich produkcji jak &#8222;Amerykanin&#8221; czy &#8222;Control&#8221; o wokali\u015bcie Joy Division. &nbsp; Ka\u017cdy kolejny singiel, remix, kompilacja czy nowy studyjny album nominowanego do nagrody GRAMMY\u00ae, holenderskiego DJ\u2019a i producenta Armina [&hellip;]<\/p>\n","protected":false},"author":1,"featured_media":1570,"comment_status":"closed","ping_status":"open","sticky":false,"template":"","format":"standard","meta":{"jetpack_post_was_ever_published":false,"_jetpack_newsletter_access":"","_jetpack_dont_email_post_to_subs":false,"_jetpack_newsletter_tier_id":0,"_jetpack_memberships_contains_paywalled_content":false,"_jetpack_memberships_contains_paid_content":false,"footnotes":"","jetpack_publicize_message":"","jetpack_publicize_feature_enabled":true,"jetpack_social_post_already_shared":true,"jetpack_social_options":{"image_generator_settings":{"template":"highway","default_image_id":0,"enabled":false},"version":2}},"categories":[2],"tags":[],"class_list":["post-1569","post","type-post","status-publish","format-standard","has-post-thumbnail","hentry","category-albumy"],"jetpack_publicize_connections":[],"jetpack_featured_media_url":"http:\/\/muzykabeztajemnic.info.pl\/wp-content\/uploads\/2015\/09\/Armin-Van-Buuren-Embrace-front.jpg","jetpack_sharing_enabled":true,"jetpack_shortlink":"https:\/\/wp.me\/p67auQ-pj","_links":{"self":[{"href":"http:\/\/muzykabeztajemnic.info.pl\/index.php?rest_route=\/wp\/v2\/posts\/1569","targetHints":{"allow":["GET"]}}],"collection":[{"href":"http:\/\/muzykabeztajemnic.info.pl\/index.php?rest_route=\/wp\/v2\/posts"}],"about":[{"href":"http:\/\/muzykabeztajemnic.info.pl\/index.php?rest_route=\/wp\/v2\/types\/post"}],"author":[{"embeddable":true,"href":"http:\/\/muzykabeztajemnic.info.pl\/index.php?rest_route=\/wp\/v2\/users\/1"}],"replies":[{"embeddable":true,"href":"http:\/\/muzykabeztajemnic.info.pl\/index.php?rest_route=%2Fwp%2Fv2%2Fcomments&post=1569"}],"version-history":[{"count":0,"href":"http:\/\/muzykabeztajemnic.info.pl\/index.php?rest_route=\/wp\/v2\/posts\/1569\/revisions"}],"wp:featuredmedia":[{"embeddable":true,"href":"http:\/\/muzykabeztajemnic.info.pl\/index.php?rest_route=\/wp\/v2\/media\/1570"}],"wp:attachment":[{"href":"http:\/\/muzykabeztajemnic.info.pl\/index.php?rest_route=%2Fwp%2Fv2%2Fmedia&parent=1569"}],"wp:term":[{"taxonomy":"category","embeddable":true,"href":"http:\/\/muzykabeztajemnic.info.pl\/index.php?rest_route=%2Fwp%2Fv2%2Fcategories&post=1569"},{"taxonomy":"post_tag","embeddable":true,"href":"http:\/\/muzykabeztajemnic.info.pl\/index.php?rest_route=%2Fwp%2Fv2%2Ftags&post=1569"}],"curies":[{"name":"wp","href":"https:\/\/api.w.org\/{rel}","templated":true}]}}