{"id":13698,"date":"2018-07-25T20:20:46","date_gmt":"2018-07-25T20:20:46","guid":{"rendered":"https:\/\/muzykabeztajemnic.info.pl\/?p=13698"},"modified":"2018-07-25T20:20:46","modified_gmt":"2018-07-25T20:20:46","slug":"ruszyla-sprzedaz-karnetow-na-marillion-weekend-2019-12-14-kwietnia-2019-lodz-klub-wytwornia-miejsca-na-balkonie-wyprzedane-w-ciagu-2-godzin","status":"publish","type":"post","link":"http:\/\/muzykabeztajemnic.info.pl\/?p=13698","title":{"rendered":"RUSZY\u0141A SPRZEDA\u017b KARNET\u00d3W NA MARILLION WEEKEND 2019 &#8211;  12-14 kwietnia 2019, \u0141\u00d3D\u0179, Klub Wytw\u00f3rnia \/ MIEJSCA NA BALKONIE WYPRZEDANE W CI\u0104GU 2 GODZIN!"},"content":{"rendered":"<p><img loading=\"lazy\" decoding=\"async\" class=\"alignnone size-full wp-image-13699\" src=\"https:\/\/muzykabeztajemnic.info.pl\/wp-content\/uploads\/2018\/07\/BANNER-RADIO-1.jpeg\" alt=\"\" width=\"640\" height=\"155\" srcset=\"http:\/\/muzykabeztajemnic.info.pl\/wp-content\/uploads\/2018\/07\/BANNER-RADIO-1.jpeg 640w, http:\/\/muzykabeztajemnic.info.pl\/wp-content\/uploads\/2018\/07\/BANNER-RADIO-1-300x73.jpeg 300w, http:\/\/muzykabeztajemnic.info.pl\/wp-content\/uploads\/2018\/07\/BANNER-RADIO-1-600x145.jpeg 600w\" sizes=\"auto, (max-width: 640px) 100vw, 640px\" \/><\/p>\n<p>Mamy zaszczyt powiadomi\u0107, \u017ce po wielkim sukcesie zar\u00f3wno artystycznym, jak i komercyjnym pierwszego Marillion Weekend, kt\u00f3ry odby\u0142 si\u0119 w naszym kraju w 2017, zesp\u00f3\u0142 ponownie zdecydowa\u0142 si\u0119 na zorganizowanie tego wyj\u0105tkowego \u015bwi\u0119ta fan\u00f3w w Polsce &#8211; ponownie w \u0141odzi, w znakomitej sali Klubu Wytw\u00f3rnia.<\/p>\n<p>Historia tych najcz\u0119\u015bciej 3-dniowych imprez si\u0119ga roku 2002, kiedy to mia\u0142a miejsce pierwsza z nich. Dotychczas Weekendy odby\u0142y si\u0119 m.in. w r\u00f3\u017cnych miastach Wielkiej Brytanii, Holandii, Kanady, Chile i Polski.<\/p>\n<p>W ci\u0105gu trzech wieczor\u00f3w 12, 13 i 14 kwietnia 2019 w Klubie Wytw\u00f3rnia w \u0141odzi zesp\u00f3\u0142 zagra trzy zestawy utwor\u00f3w, inny ka\u017cdego dnia.\u00a0 W niedzielny wiecz\u00f3r b\u0119dzie mo\u017cna us\u0142ysze\u0107 m.in. wykonany w ca\u0142o\u015bci album Happiness Is The Road, pi\u0105tek i sobota to wieczory niespodzianek. Ka\u017cdego wieczoru na scenie pojawi\u0105 si\u0119 te\u017c polskie zespo\u0142y supportuj\u0105ce, specjalnie wybrane przez Marillion.<\/p>\n<p>Wi\u0119cej na: <a href=\"https:\/\/www.thewebpoland.pl\/marillion-weekend-polska-2019\/\">https:\/\/www.thewebpoland.pl\/marillion-weekend-polska-2019\/<\/a><\/p>\n<p><strong>MARILLION WEEKEND<\/strong><br \/>\n12-14.04.2019 \u0141\u00d3D\u0179, Klub Wytw\u00f3rnia<\/p>\n<p><u><strong>Ceny trzydniowych karnet\u00f3w:<\/strong><\/u><\/p>\n<p>&#8211; miejsca stoj\u0105ce: 399z\u0142<\/p>\n<p>&#8211; miejsca siedz\u0105ce (na balkonie): 549z\u0142 <strong>[WYPRZEDANE!]<\/strong><\/p>\n","protected":false},"excerpt":{"rendered":"<p>Mamy zaszczyt powiadomi\u0107, \u017ce po wielkim sukcesie zar\u00f3wno artystycznym, jak i komercyjnym pierwszego Marillion Weekend, kt\u00f3ry odby\u0142 si\u0119 w naszym kraju w 2017, zesp\u00f3\u0142 ponownie zdecydowa\u0142 si\u0119 na zorganizowanie tego wyj\u0105tkowego \u015bwi\u0119ta fan\u00f3w w Polsce &#8211; ponownie w \u0141odzi, w znakomitej sali Klubu Wytw\u00f3rnia. Historia tych najcz\u0119\u015bciej 3-dniowych imprez si\u0119ga roku 2002, kiedy to mia\u0142a [&hellip;]<\/p>\n","protected":false},"author":1,"featured_media":13699,"comment_status":"closed","ping_status":"open","sticky":false,"template":"","format":"standard","meta":{"jetpack_post_was_ever_published":false,"_jetpack_newsletter_access":"","_jetpack_dont_email_post_to_subs":false,"_jetpack_newsletter_tier_id":0,"_jetpack_memberships_contains_paywalled_content":false,"_jetpack_memberships_contains_paid_content":false,"footnotes":"","jetpack_publicize_message":"","jetpack_publicize_feature_enabled":true,"jetpack_social_post_already_shared":true,"jetpack_social_options":{"image_generator_settings":{"template":"highway","default_image_id":0,"enabled":false},"version":2}},"categories":[4],"tags":[],"class_list":["post-13698","post","type-post","status-publish","format-standard","has-post-thumbnail","hentry","category-koncerty"],"jetpack_publicize_connections":[],"jetpack_featured_media_url":"http:\/\/muzykabeztajemnic.info.pl\/wp-content\/uploads\/2018\/07\/BANNER-RADIO-1.jpeg","jetpack_sharing_enabled":true,"jetpack_shortlink":"https:\/\/wp.me\/p67auQ-3yW","_links":{"self":[{"href":"http:\/\/muzykabeztajemnic.info.pl\/index.php?rest_route=\/wp\/v2\/posts\/13698","targetHints":{"allow":["GET"]}}],"collection":[{"href":"http:\/\/muzykabeztajemnic.info.pl\/index.php?rest_route=\/wp\/v2\/posts"}],"about":[{"href":"http:\/\/muzykabeztajemnic.info.pl\/index.php?rest_route=\/wp\/v2\/types\/post"}],"author":[{"embeddable":true,"href":"http:\/\/muzykabeztajemnic.info.pl\/index.php?rest_route=\/wp\/v2\/users\/1"}],"replies":[{"embeddable":true,"href":"http:\/\/muzykabeztajemnic.info.pl\/index.php?rest_route=%2Fwp%2Fv2%2Fcomments&post=13698"}],"version-history":[{"count":0,"href":"http:\/\/muzykabeztajemnic.info.pl\/index.php?rest_route=\/wp\/v2\/posts\/13698\/revisions"}],"wp:featuredmedia":[{"embeddable":true,"href":"http:\/\/muzykabeztajemnic.info.pl\/index.php?rest_route=\/wp\/v2\/media\/13699"}],"wp:attachment":[{"href":"http:\/\/muzykabeztajemnic.info.pl\/index.php?rest_route=%2Fwp%2Fv2%2Fmedia&parent=13698"}],"wp:term":[{"taxonomy":"category","embeddable":true,"href":"http:\/\/muzykabeztajemnic.info.pl\/index.php?rest_route=%2Fwp%2Fv2%2Fcategories&post=13698"},{"taxonomy":"post_tag","embeddable":true,"href":"http:\/\/muzykabeztajemnic.info.pl\/index.php?rest_route=%2Fwp%2Fv2%2Ftags&post=13698"}],"curies":[{"name":"wp","href":"https:\/\/api.w.org\/{rel}","templated":true}]}}