{"id":1308,"date":"2015-08-19T09:49:43","date_gmt":"2015-08-19T09:49:43","guid":{"rendered":"http:\/\/muzykabeztajemnic.info.pl\/?p=1308"},"modified":"2015-08-19T09:49:43","modified_gmt":"2015-08-19T09:49:43","slug":"coria-melduje-sie-ze-studia","status":"publish","type":"post","link":"http:\/\/muzykabeztajemnic.info.pl\/?p=1308","title":{"rendered":"Coria melduje si\u0119 ze studia!"},"content":{"rendered":"<div align=\"justify\">Zesp\u00f3\u0142\u00a0<strong>Coria<\/strong>\u00a0wszed\u0142 wczoraj do studia nagraniowego aby nagra\u0107 nast\u0119pc\u0119 debiutanckiego albumu \u201eTeoria Spl\u0105tania\u201d. Jako pierwsze rejestrowane s\u0105 partie gitary. Na swojej stronie internetowej zesp\u00f3\u0142 opublikowa\u0142 kr\u00f3tki raport:\u00a0\u201eChcemy poinformowa\u0107, \u017ce ruszy\u0142y prace nad drugim album zespo\u0142u Coria. Obecnie pracujemy nad nagraniami gitar. Instrumenty nagrywane s\u0105 w czystej wersji. Nad nagraniami czuwa nasz dobry druh, mistrz gitary \u2013 Tomasz Andrzejewski.\u00a0B\u0105d\u017acie z nami na bie\u017c\u0105co i trzymajcie za nas mocno kciuki. B\u0119dziemy Wam zdradza\u0107 od czasu do czasu nowe wa\u017cne szczeg\u00f3\u0142y na temat tego albumu! Trzymajcie r\u0119k\u0119 na pulsie!\u201d<\/div>\n<div align=\"justify\"><\/div>\n<div align=\"justify\"><\/div>\n<div align=\"justify\">Na stronie umieszczono r\u00f3wnie\u017c pierwsze zdj\u0119cia. Zapraszamy pod\u00a0<strong><a title=\"Ten zewn\u0119trzny odno\u015bnik otworzy si\u0119 w nowym oknie\" href=\"http:\/\/zespolcoria.pl\/nastepca-teorii-splatania-w-drodze\/\" target=\"_blank\">TEN<\/a><\/strong>\u00a0link.<\/div>\n<div align=\"justify\"><\/div>\n<div align=\"justify\"><\/div>\n<div align=\"justify\">Muzycy skupieni s\u0105 tak\u017ce na planach jesiennej ofensywy. Jednym z jej wa\u017cniejszych element\u00f3w b\u0119dzie wsp\u00f3lna trasa z zespo\u0142ami\u00a0<strong>Illusion, Afromental, Power Of Trinity<\/strong>\u00a0oraz\u00a0<strong>The Sixpounder<\/strong>! Koncerty odb\u0119d\u0105 si\u0119 w nast\u0119puj\u0105cych miastach:<\/div>\n<div align=\"justify\"><\/div>\n<div align=\"justify\"><\/div>\n<div align=\"justify\">25.09 \u2013 Gda\u0144sk, Centrum Stocznia Gda\u0144ska<\/div>\n<div align=\"justify\">02.10 \u2013 \u0141\u00f3d\u017a, Wytw\u00f3rnia<\/div>\n<div align=\"justify\">09.10 \u2013 Warszawa, Progresja<\/div>\n<div align=\"justify\">17.10 \u2013 \u0141\u00f3d\u017a, Hala Stulecia<\/div>\n<div align=\"justify\"><\/div>\n<div align=\"justify\">3 listopada Coria zagra jako jeden z dw\u00f3ch support\u00f3w podczas jedynego polskiego koncertu zespo\u0142u\u00a0<strong>Europe<\/strong>\u200b!!!<\/div>\n<div align=\"justify\"><\/div>\n<div align=\"justify\"><\/div>\n<div align=\"justify\">Przypomnimy, zesp\u00f3\u0142 Coria wyda\u0142 swoj\u0105 debiutanck\u0105 p\u0142yt\u0119 w pa\u017adzierniku ubieg\u0142ego roku. Album zosta\u0142 zauwa\u017cony w podsumowaniach roku zar\u00f3wno w\u015br\u00f3d bran\u017cowej prasy, jak i w\u015br\u00f3d fan\u00f3w rocka. Ostatnim promuj\u0105cym go singlem jest \u201eEfuzja\u201d. Teledysk do utworu zarejestrowano w ubieg\u0142ym roku podczas dw\u00f3ch du\u017cych imprez &#8211; festiwalu Festiwal Kolor\u00f3w w Katowicach oraz Live Festivalu w O\u015bwi\u0119cimiu, gdzie zesp\u00f3\u0142 Coria\u00a0 poprzedza\u0142 formacj\u0119 Soundgarden.<\/div>\n<div align=\"justify\"><\/div>\n<div align=\"justify\"><\/div>\n<div align=\"justify\">\n<p><iframe loading=\"lazy\" title=\"CORIA -  Efuzja official video\" width=\"800\" height=\"450\" src=\"https:\/\/www.youtube.com\/embed\/wX1Ay3yg6u0?feature=oembed\" frameborder=\"0\" allow=\"accelerometer; autoplay; clipboard-write; encrypted-media; gyroscope; picture-in-picture; web-share\" referrerpolicy=\"strict-origin-when-cross-origin\" allowfullscreen><\/iframe><\/p>\n<\/div>\n<div align=\"justify\"><\/div>\n<div align=\"justify\"><\/div>\n<div align=\"justify\"><\/div>\n<div align=\"justify\">S\u0105 m\u0142odzi, utalentowani i\u2026 gotowi na sukces. O kim mowa? O zespole Coria, kt\u00f3ry powsta\u0142 z po\u0142\u0105czenia by\u0142ych muzyk\u00f3w polskiej grupy rockowej Symetria (na swoim koncie mieli dwa albumy studyjne oraz m.in. support przed Guns&#8217;N Roses) i charyzmatycznego wokalisty znanego z programu X-Factor oraz Must Be The Music &#8211; Tomasza Mrozka. Pierwszym wsp\u00f3lnym nagraniem by\u0142 wydany w 2013 roku singiel &#8222;Niepok\u00f3j&#8221;. Pomimo m\u0142odego wieku muzyk\u00f3w zesp\u00f3\u0142 ma bogat\u0105 histori\u0119 sceniczn\u0105 ale najwa\u017cniejszym jak dot\u0105d koncertem jest ten z czerwca 2014 roku. Zesp\u00f3\u0142 wygra\u0142 w\u00f3wczas konkurs \u2018Life On Stage\u2019, kt\u00f3rego nagrod\u0105 by\u0142o zagranie koncertu na jednej scenie m.in. z Soundgarden i Ericem Claptonem!! Cori\u0119 wyr\u00f3\u017cniaj\u0105 przede wszystkim polskie teksty, nietuzinkowa barwa g\u0142osu wokalisty i ciekawe aran\u017cacje gitarowe. Jak sami o sobie m\u00f3wi\u0105:\u00a0\u201eW zespole najwa\u017cniejsze jest tworzenie muzyki i wsp\u00f3lna pasja do ci\u0119\u017ckiej pracy. Mo\u017cna powiedzie\u0107, \u017ce Coria to grupa przyjaci\u00f3\u0142, kt\u00f3rzy ponad wszystko kochaj\u0105 tworzy\u0107 muzyk\u0119 i gra\u0107 koncerty.\u201d<\/div>\n<div align=\"justify\"><\/div>\n<div align=\"justify\"><\/div>\n<div align=\"justify\"><strong>Coria \u2013 sk\u0142ad:<\/strong><\/div>\n<div align=\"justify\"><\/div>\n<div align=\"justify\">Tomasz Mrozek &#8211; wokal<\/div>\n<div align=\"justify\">Konrad Konopka &#8211; gitara basowa<\/div>\n<div align=\"justify\">Przemek Gierat &#8211; gitara prowadz\u0105ca<\/div>\n<div align=\"justify\">Dominik Stypa &#8211; gitara solowa<\/div>\n<div align=\"justify\">Damian Bonczek &#8211; perkusja<\/div>\n<div align=\"justify\"><\/div>\n<div align=\"justify\"><\/div>\n<div align=\"justify\"><strong>Coria \u2013 strony oficjalne:<\/strong><\/div>\n<div align=\"justify\"><\/div>\n<div align=\"justify\">www.facebook.com\/coriapl<\/div>\n<div align=\"justify\"><a title=\"Ten zewn\u0119trzny odno\u015bnik otworzy si\u0119 w nowym oknie\" href=\"http:\/\/zespolcoria.pl\/\" target=\"_blank\">http:\/\/zespolcoria.pl\/<\/a><\/div>\n","protected":false},"excerpt":{"rendered":"<p>Zesp\u00f3\u0142\u00a0Coria\u00a0wszed\u0142 wczoraj do studia nagraniowego aby nagra\u0107 nast\u0119pc\u0119 debiutanckiego albumu \u201eTeoria Spl\u0105tania\u201d. Jako pierwsze rejestrowane s\u0105 partie gitary. Na swojej stronie internetowej zesp\u00f3\u0142 opublikowa\u0142 kr\u00f3tki raport:\u00a0\u201eChcemy poinformowa\u0107, \u017ce ruszy\u0142y prace nad drugim album zespo\u0142u Coria. Obecnie pracujemy nad nagraniami gitar. Instrumenty nagrywane s\u0105 w czystej wersji. Nad nagraniami czuwa nasz dobry druh, mistrz gitary \u2013 [&hellip;]<\/p>\n","protected":false},"author":1,"featured_media":0,"comment_status":"closed","ping_status":"open","sticky":false,"template":"","format":"standard","meta":{"jetpack_post_was_ever_published":false,"_jetpack_newsletter_access":"","_jetpack_dont_email_post_to_subs":false,"_jetpack_newsletter_tier_id":0,"_jetpack_memberships_contains_paywalled_content":false,"_jetpack_memberships_contains_paid_content":false,"footnotes":"","jetpack_publicize_message":"","jetpack_publicize_feature_enabled":true,"jetpack_social_post_already_shared":true,"jetpack_social_options":{"image_generator_settings":{"template":"highway","default_image_id":0,"enabled":false},"version":2}},"categories":[1],"tags":[],"class_list":["post-1308","post","type-post","status-publish","format-standard","hentry","category-uncategorized"],"jetpack_publicize_connections":[],"jetpack_featured_media_url":"","jetpack_sharing_enabled":true,"jetpack_shortlink":"https:\/\/wp.me\/p67auQ-l6","_links":{"self":[{"href":"http:\/\/muzykabeztajemnic.info.pl\/index.php?rest_route=\/wp\/v2\/posts\/1308","targetHints":{"allow":["GET"]}}],"collection":[{"href":"http:\/\/muzykabeztajemnic.info.pl\/index.php?rest_route=\/wp\/v2\/posts"}],"about":[{"href":"http:\/\/muzykabeztajemnic.info.pl\/index.php?rest_route=\/wp\/v2\/types\/post"}],"author":[{"embeddable":true,"href":"http:\/\/muzykabeztajemnic.info.pl\/index.php?rest_route=\/wp\/v2\/users\/1"}],"replies":[{"embeddable":true,"href":"http:\/\/muzykabeztajemnic.info.pl\/index.php?rest_route=%2Fwp%2Fv2%2Fcomments&post=1308"}],"version-history":[{"count":0,"href":"http:\/\/muzykabeztajemnic.info.pl\/index.php?rest_route=\/wp\/v2\/posts\/1308\/revisions"}],"wp:attachment":[{"href":"http:\/\/muzykabeztajemnic.info.pl\/index.php?rest_route=%2Fwp%2Fv2%2Fmedia&parent=1308"}],"wp:term":[{"taxonomy":"category","embeddable":true,"href":"http:\/\/muzykabeztajemnic.info.pl\/index.php?rest_route=%2Fwp%2Fv2%2Fcategories&post=1308"},{"taxonomy":"post_tag","embeddable":true,"href":"http:\/\/muzykabeztajemnic.info.pl\/index.php?rest_route=%2Fwp%2Fv2%2Ftags&post=1308"}],"curies":[{"name":"wp","href":"https:\/\/api.w.org\/{rel}","templated":true}]}}