{"id":12532,"date":"2018-04-21T19:11:13","date_gmt":"2018-04-21T19:11:13","guid":{"rendered":"https:\/\/muzykabeztajemnic.info.pl\/?p=12532"},"modified":"2018-04-21T19:11:13","modified_gmt":"2018-04-21T19:11:13","slug":"dj-avicii-nie-zyje-mial-28-lat-informacje-potwierdzila-menadzerka-muzyka","status":"publish","type":"post","link":"http:\/\/muzykabeztajemnic.info.pl\/?p=12532","title":{"rendered":"DJ Avicii nie \u017cyje. Mia\u0142 28 lat. Informacj\u0119 potwierdzi\u0142a menad\u017cerka muzyka"},"content":{"rendered":"<p><iframe loading=\"lazy\" title=\"Avicii - Wake Me Up (Official Video)\" width=\"800\" height=\"450\" src=\"https:\/\/www.youtube.com\/embed\/IcrbM1l_BoI?feature=oembed\" frameborder=\"0\" allow=\"accelerometer; autoplay; clipboard-write; encrypted-media; gyroscope; picture-in-picture; web-share\" referrerpolicy=\"strict-origin-when-cross-origin\" allowfullscreen><\/iframe><\/p>\n<p>Szwedzki did\u017cej i producent Avicii nie \u017cyje. Mia\u0142 28 lat. Informacj\u0119 o \u015bmierci artysty potwierdzi\u0142a w rozmowie z magazynem &#8222;Billboard&#8221; menad\u017cerka DJ-a Avicii.<\/p>\n<div id=\"attachment_12533\" style=\"width: 260px\" class=\"wp-caption alignnone\"><img loading=\"lazy\" decoding=\"async\" aria-describedby=\"caption-attachment-12533\" class=\"size-full wp-image-12533\" src=\"https:\/\/muzykabeztajemnic.info.pl\/wp-content\/uploads\/2018\/04\/5ada2f6c88444_osize250x400q71h4dd01b.jpg\" alt=\"\u00a9The Perfect World Foundation \/ Wikipedia \/ CC 3.0\" width=\"250\" height=\"400\" srcset=\"http:\/\/muzykabeztajemnic.info.pl\/wp-content\/uploads\/2018\/04\/5ada2f6c88444_osize250x400q71h4dd01b.jpg 250w, http:\/\/muzykabeztajemnic.info.pl\/wp-content\/uploads\/2018\/04\/5ada2f6c88444_osize250x400q71h4dd01b-188x300.jpg 188w\" sizes=\"auto, (max-width: 250px) 100vw, 250px\" \/><p id=\"caption-attachment-12533\" class=\"wp-caption-text\">\u00a9The Perfect World Foundation \/ Wikipedia \/ CC 3.0<\/p><\/div>\n<p>DJ Avicii, czyli Tim Bergling, zmar\u0142 w Maskacie w Omanie. &#8211; Ze smutkiem zawiadamiamy o \u015bmierci Tima Berglinga, znanego r\u00f3wnie\u017c jako Avicii &#8211; poinformowa\u0142a Diana Baron, menad\u017cerka artysty. &#8211; Rodzina jest zrozpaczona. Prosimy o uszanowanie jej prywatno\u015bci w tym trudnym czasie &#8211; napisa\u0142a w o\u015bwiadczeniu w magazynie &#8222;Billboard&#8221;. DJ Avicii zmar\u0142 w wieku 28 lat Przyczyna \u015bmierci artysty nie zosta\u0142a podana. Avicii w 2016 roku zrezygnowa\u0142 z wyst\u0119p\u00f3w t\u0142umacz\u0105c to problemami zdrowotnymi. Od kilku lat cierpia\u0142 na ostre zapalenie trzustki spowodowane nadu\u017cywaniem alkoholu.<\/p>\n<p>Jego jeden z pierwszych singli \u2013 \u201eBromance\u201d, podbi\u0142 listy przeboj\u00f3w m.in. w Belgii, Holandii, ojczystej Szwecji, wreszcie, jako wersja z wokalem, UK Singles Chart w Wielkiej Brytanii i Beatport. Od tego momentu kariera Avicii\u2019ego zacz\u0119\u0142a si\u0119 szybko rozwija\u0107, w efekcie czego DJ wyda\u0142 takie tytu\u0142y, jak \u201eLevels\u201d, \u201eMy Feelings for You\u201d, czy \u201eFade into Darkness\u201d By\u0142 nominowany do nagr\u00f3d Grammy w 2011 roku w kategorii najlepszy utw\u00f3r taneczny (&#8222;Levels&#8221;) i w 2012 w tej samej kategorii (&#8222;Sunshine&#8221;).<\/p>\n<p>\u0179r\u00f3d\u0142o:\u00a0nto.pl<\/p>\n<p>&nbsp;<\/p>\n","protected":false},"excerpt":{"rendered":"<p>Szwedzki did\u017cej i producent Avicii nie \u017cyje. Mia\u0142 28 lat. Informacj\u0119 o \u015bmierci artysty potwierdzi\u0142a w rozmowie z magazynem &#8222;Billboard&#8221; menad\u017cerka DJ-a Avicii. DJ Avicii, czyli Tim Bergling, zmar\u0142 w Maskacie w Omanie. &#8211; Ze smutkiem zawiadamiamy o \u015bmierci Tima Berglinga, znanego r\u00f3wnie\u017c jako Avicii &#8211; poinformowa\u0142a Diana Baron, menad\u017cerka artysty. &#8211; Rodzina jest zrozpaczona. [&hellip;]<\/p>\n","protected":false},"author":1,"featured_media":12533,"comment_status":"closed","ping_status":"open","sticky":false,"template":"","format":"standard","meta":{"jetpack_post_was_ever_published":false,"_jetpack_newsletter_access":"","_jetpack_dont_email_post_to_subs":false,"_jetpack_newsletter_tier_id":0,"_jetpack_memberships_contains_paywalled_content":false,"_jetpack_memberships_contains_paid_content":false,"footnotes":"","jetpack_publicize_message":"","jetpack_publicize_feature_enabled":true,"jetpack_social_post_already_shared":true,"jetpack_social_options":{"image_generator_settings":{"template":"highway","default_image_id":0,"enabled":false},"version":2}},"categories":[1],"tags":[],"class_list":["post-12532","post","type-post","status-publish","format-standard","has-post-thumbnail","hentry","category-uncategorized"],"jetpack_publicize_connections":[],"jetpack_featured_media_url":"http:\/\/muzykabeztajemnic.info.pl\/wp-content\/uploads\/2018\/04\/5ada2f6c88444_osize250x400q71h4dd01b.jpg","jetpack_sharing_enabled":true,"jetpack_shortlink":"https:\/\/wp.me\/p67auQ-3g8","_links":{"self":[{"href":"http:\/\/muzykabeztajemnic.info.pl\/index.php?rest_route=\/wp\/v2\/posts\/12532","targetHints":{"allow":["GET"]}}],"collection":[{"href":"http:\/\/muzykabeztajemnic.info.pl\/index.php?rest_route=\/wp\/v2\/posts"}],"about":[{"href":"http:\/\/muzykabeztajemnic.info.pl\/index.php?rest_route=\/wp\/v2\/types\/post"}],"author":[{"embeddable":true,"href":"http:\/\/muzykabeztajemnic.info.pl\/index.php?rest_route=\/wp\/v2\/users\/1"}],"replies":[{"embeddable":true,"href":"http:\/\/muzykabeztajemnic.info.pl\/index.php?rest_route=%2Fwp%2Fv2%2Fcomments&post=12532"}],"version-history":[{"count":0,"href":"http:\/\/muzykabeztajemnic.info.pl\/index.php?rest_route=\/wp\/v2\/posts\/12532\/revisions"}],"wp:featuredmedia":[{"embeddable":true,"href":"http:\/\/muzykabeztajemnic.info.pl\/index.php?rest_route=\/wp\/v2\/media\/12533"}],"wp:attachment":[{"href":"http:\/\/muzykabeztajemnic.info.pl\/index.php?rest_route=%2Fwp%2Fv2%2Fmedia&parent=12532"}],"wp:term":[{"taxonomy":"category","embeddable":true,"href":"http:\/\/muzykabeztajemnic.info.pl\/index.php?rest_route=%2Fwp%2Fv2%2Fcategories&post=12532"},{"taxonomy":"post_tag","embeddable":true,"href":"http:\/\/muzykabeztajemnic.info.pl\/index.php?rest_route=%2Fwp%2Fv2%2Ftags&post=12532"}],"curies":[{"name":"wp","href":"https:\/\/api.w.org\/{rel}","templated":true}]}}