{"id":12242,"date":"2018-03-11T15:46:16","date_gmt":"2018-03-11T15:46:16","guid":{"rendered":"https:\/\/muzykabeztajemnic.info.pl\/?p=12242"},"modified":"2018-03-11T15:46:16","modified_gmt":"2018-03-11T15:46:16","slug":"katarzyna-groniec-nie-kocham","status":"publish","type":"post","link":"http:\/\/muzykabeztajemnic.info.pl\/?p=12242","title":{"rendered":"Katarzyna Groniec \u2013 Nie kocham"},"content":{"rendered":"<div class=\"pr-story-lead\">\n<p class=\"pr-header--xsmall pr-font--sans\"><img loading=\"lazy\" decoding=\"async\" class=\"alignnone size-full wp-image-12243\" src=\"https:\/\/muzykabeztajemnic.info.pl\/wp-content\/uploads\/2018\/03\/large_ivddku31b3wc-3.jpg\" alt=\"\" width=\"500\" height=\"500\" srcset=\"http:\/\/muzykabeztajemnic.info.pl\/wp-content\/uploads\/2018\/03\/large_ivddku31b3wc-3.jpg 500w, http:\/\/muzykabeztajemnic.info.pl\/wp-content\/uploads\/2018\/03\/large_ivddku31b3wc-3-150x150.jpg 150w, http:\/\/muzykabeztajemnic.info.pl\/wp-content\/uploads\/2018\/03\/large_ivddku31b3wc-3-300x300.jpg 300w\" sizes=\"auto, (max-width: 500px) 100vw, 500px\" \/><\/p>\n<p class=\"pr-header--xsmall pr-font--sans\">Obejrzyj teledysk promuj\u0105cy album \u201eAch!\u201d<\/p>\n<p>&nbsp;<\/p>\n<\/div>\n<div class=\"pr-story-paragraph\">\n<div class=\"pr-text--xxlarge pr-text--xxlarge--serif\"><strong><em>\u201eNa albumie Ach! znajduj\u0105 si\u0119 cztery kompozycje Barbary Wro\u0144skiej. Do trzech z nich Basia napisa\u0142a r\u00f3wnie\u017c teksty. \u201eNie kocham\u201d jest jedn\u0105 z nich. Powiem zwi\u0119\u017ale. Karier\u0119 \u201eNie kocham\u201d mo\u017cna stre\u015bci\u0107 jednym zdaniem: od niechcianej piosenki do singla! Brzmi niemal jak: od pucybuta do milionera. Normalnie American Dream!\u201d<\/em><\/strong><br \/>\nKatarzyna Groniec<\/div>\n<div>\n<p><iframe loading=\"lazy\" title=\"Katarzyna Groniec - Nie kocham [Official Music Video]\" width=\"800\" height=\"450\" src=\"https:\/\/www.youtube.com\/embed\/e9sH9fEOfLM?feature=oembed\" frameborder=\"0\" allow=\"accelerometer; autoplay; clipboard-write; encrypted-media; gyroscope; picture-in-picture; web-share\" referrerpolicy=\"strict-origin-when-cross-origin\" allowfullscreen><\/iframe><\/p>\n<p>Album \u201eAch!\u201d b\u0119dzie mia\u0142 swoj\u0105 premier\u0119 16 marca.<\/p>\n<p>20 marca, na Przegl\u0105dzie Piosenki Aktorskiej we Wroc\u0142awiu odb\u0119dzie si\u0119 koncert premierowy.<\/p>\n<p>Ka\u017cdy ma swoj\u0105 Ziemi\u0119 Obiecan\u0105. Co\u015b za czym t\u0119skni, czego mu brak, co chcia\u0142by, a nie mo\u017ce albo mia\u0142 i utraci\u0142. Ziemia Utracona. Dobry tytu\u0142 na tomik poezji gdyby nie by\u0142 parafraz\u0105 T.S.Eliota. \u201eNajokrutniejszy miesi\u0105c to kwiecie\u0144\u201c pisa\u0142 poeta w \u201eZiemi Ja\u0142owej\u201c. To prawda. Niez\u0142e te\u017c bywaj\u0105 te poprzedzaj\u0105ce kwiecie\u0144&#8230; ale co z tego? W ko\u0144cu i tak nadchodzi wiosna.<\/p>\n<p>\u201eAch!\u201c, bo taki jest tytu\u0142 nowego albumu, opowie o ziemi ja\u0142owej, ziemi utraconej i, wreszcie, ziemi obiecanej do kt\u00f3rej docieramy, rozmieniamy j\u0105 na drobne i zn\u00f3w tracimy. I od pocz\u0105tku, bo wszystko jest cyklem co jaki\u015b czas ko\u0144cz\u0105cym si\u0119 dobrze! W ko\u0144cu wracamy do \u017cycia, ale pod jednym warunkiem. \u017be wci\u0105\u017c mamy kogo kocha\u0107. Czy jestem szcz\u0119\u015bliwa? Tak. W\u0142a\u015bciwie mog\u0142abym powiedzie\u0107: jak nigdy dot\u0105d. Spokojna, jasna, \u015bwiadoma. Dlaczego wi\u0119c moje piosenki s\u0105 smutne? Nie wiem. Naj\u0142atwiej by\u0142oby powiedzie\u0107 (cz\u0119sto to m\u00f3wi\u0119 na odczepnego) &#8211; bo lubi\u0119 smutek. I nie m\u00f3wi\u0107 nic wi\u0119cej. Ale to jest co\u015b wi\u0119cej. Co\u015b, co wyp\u0142ywa gdzie\u015b z g\u0142\u0119bi, z trzewi, kiedy zdarza mi si\u0119 uk\u0142ada\u0107 melodi\u0119 i dopasowywa\u0107 do niej s\u0142owa. Jak gdybym zapada\u0142a si\u0119 w jaki\u015b inny \u015bwiat pe\u0142ny echa i b\u0142\u0119kitu, kt\u00f3ry swoim pi\u0119knem onie\u015bmiela t\u0119 drug\u0105, staraj\u0105c\u0105 si\u0119 twardo st\u0105pa\u0107 po ziemi, mnie. Z kolei ta druga ja, kt\u00f3r\u0105 zawstydza mi\u0119kko\u015b\u0107 tej pierwszej, potrafi ten melancholijno-lazurowy \u015bwiat bezlito\u015bnie wykpi\u0107. Wyci\u0105gam zatem sam\u0105 siebie z b\u0142\u0119kitnego jeziora za w\u0142osy, jak baron Munchhausen wyci\u0105gn\u0105\u0142 siebie z bagien, a potem zn\u00f3w w to jezioro nurkuj\u0119. Czy zatem k\u0142ami\u0119 tak jak on? Bardzo mo\u017cliwe\u2026<\/p>\n<\/div>\n<\/div>\n<div><\/div>\n","protected":false},"excerpt":{"rendered":"<p>Obejrzyj teledysk promuj\u0105cy album \u201eAch!\u201d &nbsp; \u201eNa albumie Ach! znajduj\u0105 si\u0119 cztery kompozycje Barbary Wro\u0144skiej. Do trzech z nich Basia napisa\u0142a r\u00f3wnie\u017c teksty. \u201eNie kocham\u201d jest jedn\u0105 z nich. Powiem zwi\u0119\u017ale. Karier\u0119 \u201eNie kocham\u201d mo\u017cna stre\u015bci\u0107 jednym zdaniem: od niechcianej piosenki do singla! Brzmi niemal jak: od pucybuta do milionera. Normalnie American Dream!\u201d Katarzyna Groniec [&hellip;]<\/p>\n","protected":false},"author":1,"featured_media":12243,"comment_status":"closed","ping_status":"open","sticky":false,"template":"","format":"standard","meta":{"jetpack_post_was_ever_published":false,"_jetpack_newsletter_access":"","_jetpack_dont_email_post_to_subs":false,"_jetpack_newsletter_tier_id":0,"_jetpack_memberships_contains_paywalled_content":false,"_jetpack_memberships_contains_paid_content":false,"footnotes":"","jetpack_publicize_message":"","jetpack_publicize_feature_enabled":true,"jetpack_social_post_already_shared":true,"jetpack_social_options":{"image_generator_settings":{"template":"highway","default_image_id":0,"enabled":false},"version":2}},"categories":[1],"tags":[],"class_list":["post-12242","post","type-post","status-publish","format-standard","has-post-thumbnail","hentry","category-uncategorized"],"jetpack_publicize_connections":[],"jetpack_featured_media_url":"http:\/\/muzykabeztajemnic.info.pl\/wp-content\/uploads\/2018\/03\/large_ivddku31b3wc-3.jpg","jetpack_sharing_enabled":true,"jetpack_shortlink":"https:\/\/wp.me\/p67auQ-3bs","_links":{"self":[{"href":"http:\/\/muzykabeztajemnic.info.pl\/index.php?rest_route=\/wp\/v2\/posts\/12242","targetHints":{"allow":["GET"]}}],"collection":[{"href":"http:\/\/muzykabeztajemnic.info.pl\/index.php?rest_route=\/wp\/v2\/posts"}],"about":[{"href":"http:\/\/muzykabeztajemnic.info.pl\/index.php?rest_route=\/wp\/v2\/types\/post"}],"author":[{"embeddable":true,"href":"http:\/\/muzykabeztajemnic.info.pl\/index.php?rest_route=\/wp\/v2\/users\/1"}],"replies":[{"embeddable":true,"href":"http:\/\/muzykabeztajemnic.info.pl\/index.php?rest_route=%2Fwp%2Fv2%2Fcomments&post=12242"}],"version-history":[{"count":0,"href":"http:\/\/muzykabeztajemnic.info.pl\/index.php?rest_route=\/wp\/v2\/posts\/12242\/revisions"}],"wp:featuredmedia":[{"embeddable":true,"href":"http:\/\/muzykabeztajemnic.info.pl\/index.php?rest_route=\/wp\/v2\/media\/12243"}],"wp:attachment":[{"href":"http:\/\/muzykabeztajemnic.info.pl\/index.php?rest_route=%2Fwp%2Fv2%2Fmedia&parent=12242"}],"wp:term":[{"taxonomy":"category","embeddable":true,"href":"http:\/\/muzykabeztajemnic.info.pl\/index.php?rest_route=%2Fwp%2Fv2%2Fcategories&post=12242"},{"taxonomy":"post_tag","embeddable":true,"href":"http:\/\/muzykabeztajemnic.info.pl\/index.php?rest_route=%2Fwp%2Fv2%2Ftags&post=12242"}],"curies":[{"name":"wp","href":"https:\/\/api.w.org\/{rel}","templated":true}]}}