{"id":10768,"date":"2017-10-11T18:49:57","date_gmt":"2017-10-11T18:49:57","guid":{"rendered":"https:\/\/muzykabeztajemnic.info.pl\/?p=10768"},"modified":"2017-10-11T18:49:57","modified_gmt":"2017-10-11T18:49:57","slug":"time-for-chopin-zaprasza-warszawiakow-koncert-okolicznosciowy%e2%80%a8","status":"publish","type":"post","link":"http:\/\/muzykabeztajemnic.info.pl\/?p=10768","title":{"rendered":"Time for Chopin zaprasza warszawiak\u00f3w na koncert okoliczno\u015bciowy\u2028"},"content":{"rendered":"<p><b>Bezp\u0142atny koncert z okazji rocznicy \u015bmierci Fryderyka Chopina odb\u0119dzie si\u0119 14 pa\u017adziernika w sercu Star\u00f3wki, czyli Starej Galerii Zwi\u0105zku Polskich Artyst\u00f3w Fotografik\u00f3w w Warszawie. Program recitalu zawiera\u0107 b\u0119dzie utwory kompozytora przeplatane odczytami jego list\u00f3w. Organizator wydarzenia, inicjatywa kulturalna Time for Chopin, zaprasza tak\u017ce 17 pa\u017adziernika, w dniu \u015bmierci kompozytora, na liryczny koncert przy \u015bwiecach.<\/b><\/p>\n<p>Time for Chopin wsp\u00f3lnie z mieszka\u0144cami Warszawy upami\u0119tni \u015bmier\u0107 Fryderyka Chopina. Uroczysty koncert odb\u0119dzie si\u0119 14 pa\u017adziernika o godz.16:00 w Starej Galerii ZPAF przy placu Zamkowym 8 w Warszawie. Podczas tego wyj\u0105tkowego recitalu zagra pomys\u0142odawczyni Time for Chopin, Katarzyna Kraszewska. Artystka wykona m.in. Etiud\u0119 c-moll op. 10 nr 12 (Rewolucyjn\u0105) i Poloneza As-dur op. 53.\u00a0W trakcie wydarzenia Agnieszka Lewalska odczyta listy kompozytora zwi\u0105zane z jego utworami. Wst\u0119p na koncert jest bezp\u0142atny.<\/p>\n<p>Podnios\u0142a atmosfera panowa\u0107 b\u0119dzie r\u00f3wnie\u017c podczas regularnego koncertu 17 pa\u017adziernika o godz. 18:00. Dok\u0142adnie tego dnia przypada 168. rocznica \u015bmierci<b> <\/b>Fryderyka Chopina. W Starej Galerii ZPAF zap\u0142on\u0105 \u015bwiece, a pi\u0119kne utwory przenios\u0105 uczestnik\u00f3w recitalu w \u015bwiat jednego z najbardziej cenionych kompozytor\u00f3w muzyki klasycznej. Go\u015bcie zatopi\u0105 si\u0119 w d\u017awi\u0119kach ballady, poloneza, walca, scherza oraz nokturn\u00f3w w wykonaniu Tomasza Zaj\u0105ca.<\/p>\n<p>Kalendarz wydarze\u0144 znajduje si\u0119 na stronie <a href=\"http:\/\/www.TimeforChopin.eu\">www.TimeforChopin.eu<\/a>.<\/p>\n<p><b>Patronaty<\/b><\/p>\n<p>Time for Chopin zosta\u0142 obj\u0119ty patronatem honorowym Narodowego Centrum Kultury, a tak\u017ce patronatem medialnym TVP Kultura i portalu Polskiej Organizacji Turystycznej <a href=\"http:\/\/www.polska.travel\">www.polska.travel<\/a>. Partnerem inicjatywy jest r\u00f3wnie\u017c Towarzystwo im. Fryderyka Chopin. Time for Chopin nale\u017cy tak\u017ce do Warszawskiej Organizacji Turystycznej.<\/p>\n","protected":false},"excerpt":{"rendered":"<p>Bezp\u0142atny koncert z okazji rocznicy \u015bmierci Fryderyka Chopina odb\u0119dzie si\u0119 14 pa\u017adziernika w sercu Star\u00f3wki, czyli Starej Galerii Zwi\u0105zku Polskich Artyst\u00f3w Fotografik\u00f3w w Warszawie. Program recitalu zawiera\u0107 b\u0119dzie utwory kompozytora przeplatane odczytami jego list\u00f3w. Organizator wydarzenia, inicjatywa kulturalna Time for Chopin, zaprasza tak\u017ce 17 pa\u017adziernika, w dniu \u015bmierci kompozytora, na liryczny koncert przy \u015bwiecach. Time [&hellip;]<\/p>\n","protected":false},"author":1,"featured_media":0,"comment_status":"closed","ping_status":"open","sticky":false,"template":"","format":"standard","meta":{"jetpack_post_was_ever_published":false,"_jetpack_newsletter_access":"","_jetpack_dont_email_post_to_subs":false,"_jetpack_newsletter_tier_id":0,"_jetpack_memberships_contains_paywalled_content":false,"_jetpack_memberships_contains_paid_content":false,"footnotes":"","jetpack_publicize_message":"","jetpack_publicize_feature_enabled":true,"jetpack_social_post_already_shared":true,"jetpack_social_options":{"image_generator_settings":{"template":"highway","default_image_id":0,"enabled":false},"version":2}},"categories":[1],"tags":[],"class_list":["post-10768","post","type-post","status-publish","format-standard","hentry","category-uncategorized"],"jetpack_publicize_connections":[],"jetpack_featured_media_url":"","jetpack_sharing_enabled":true,"jetpack_shortlink":"https:\/\/wp.me\/p67auQ-2NG","_links":{"self":[{"href":"http:\/\/muzykabeztajemnic.info.pl\/index.php?rest_route=\/wp\/v2\/posts\/10768","targetHints":{"allow":["GET"]}}],"collection":[{"href":"http:\/\/muzykabeztajemnic.info.pl\/index.php?rest_route=\/wp\/v2\/posts"}],"about":[{"href":"http:\/\/muzykabeztajemnic.info.pl\/index.php?rest_route=\/wp\/v2\/types\/post"}],"author":[{"embeddable":true,"href":"http:\/\/muzykabeztajemnic.info.pl\/index.php?rest_route=\/wp\/v2\/users\/1"}],"replies":[{"embeddable":true,"href":"http:\/\/muzykabeztajemnic.info.pl\/index.php?rest_route=%2Fwp%2Fv2%2Fcomments&post=10768"}],"version-history":[{"count":0,"href":"http:\/\/muzykabeztajemnic.info.pl\/index.php?rest_route=\/wp\/v2\/posts\/10768\/revisions"}],"wp:attachment":[{"href":"http:\/\/muzykabeztajemnic.info.pl\/index.php?rest_route=%2Fwp%2Fv2%2Fmedia&parent=10768"}],"wp:term":[{"taxonomy":"category","embeddable":true,"href":"http:\/\/muzykabeztajemnic.info.pl\/index.php?rest_route=%2Fwp%2Fv2%2Fcategories&post=10768"},{"taxonomy":"post_tag","embeddable":true,"href":"http:\/\/muzykabeztajemnic.info.pl\/index.php?rest_route=%2Fwp%2Fv2%2Ftags&post=10768"}],"curies":[{"name":"wp","href":"https:\/\/api.w.org\/{rel}","templated":true}]}}