{"id":10673,"date":"2017-09-26T19:36:37","date_gmt":"2017-09-26T19:36:37","guid":{"rendered":"https:\/\/muzykabeztajemnic.info.pl\/?p=10673"},"modified":"2017-09-26T19:36:37","modified_gmt":"2017-09-26T19:36:37","slug":"janusz-radek-spiewa-wiersze-haliny-poswiatowskiej","status":"publish","type":"post","link":"http:\/\/muzykabeztajemnic.info.pl\/?p=10673","title":{"rendered":"Janusz Radek \u015bpiewa wiersze Haliny Po\u015bwiatowskiej!"},"content":{"rendered":"<p align=\"CENTER\"><span style=\"color: #000000;\"><span style=\"font-family: 'Times New Roman', serif;\"><span style=\"font-size: medium;\">Ethno Jazz Festival zaprasza 25 pa\u017adziernika do Sali Gotyckiej na koncert Janusza Radka, kt\u00f3ry zaprezentuje wroc\u0142awskiej publiczno\u015bci swoj\u0105 najnowsz\u0105 p\u0142yt\u0119 i inne, znane ju\u017c utwory.<\/span><\/span><\/span><\/p>\n<p align=\"CENTER\"><span style=\"color: #000000;\"><span style=\"font-family: 'Times New Roman', serif;\"><span style=\"font-size: medium;\">W maju tego roku mia\u0142a miejsce premiera p\u0142yty &#8222;Kim Ty Jeste\u015b Dla Mnie&#8221;, na kt\u00f3rej Janusz Radek kolejny raz wy\u015bpiewa\u0142 najpi\u0119kniejsze wiersze Haliny Po\u015bwiatowskiej. <\/span><\/span><\/span><\/p>\n<p align=\"CENTER\"><span style=\"color: #000000;\"><span style=\"font-family: 'Times New Roman', serif;\"><span style=\"font-size: medium;\">Po raz pierwszy wiersze Po\u015bwiatowskiej pojawi\u0142y si\u0119 na p\u0142ycie Janusza Radka zatytu\u0142owanej &#8222;Dzi\u0119kuj\u0119 za mi\u0142o\u015b\u0107&#8221; w 2007 roku. By\u0142 to autorski debiut artysty, wsparty w wersji tekstowej kilkoma wierszami Po\u015bwiatowskiej, a w muzycznej \u2013 niezwyk\u0142ymi aran\u017cacjami Mateusza Pospieszalskiego. P\u0142yta szybko zyska\u0142a status z\u0142otej, a piosenka \u201eKiedy Umr\u0119 Kochanie\u201d do dzi\u015b pozostaje jednym z najbardziej rozpoznawalnych utwor\u00f3w Janusza Radka.<br \/>\nProjekt Po\u015bwiatowska\/Radek to subtelny klimat wierszy poetki oraz pi\u0119kne i liryczne kompozycje Janusza Radka w nowoczesnych aran\u017cacjach. To zupe\u0142nie nowe i eksperymentalne oblicze artysty, wyraz jego aktualnych fascynacji muzycznych &#8211; recital mimo wykorzystania wierszy poetki wymyka si\u0119 poj\u0119ciu piosenki literackiej. Poza nowymi utworami w recitalu mo\u017cna us\u0142ysze\u0107 najbardziej znane utwory duetu Po\u015bwiatowska\/Radek: \u201eKiedy U-Kochanie\u201d, \u201eSheila\u201d, \u201eCzekam\u201d \u201eWytrwale\u201d, czy \u201eDobro\u201d. Kompozycje harmonijnie uzupe\u0142niaj\u0105 nowoczesne i elektroniczne, ale jednocze\u015bnie nastrojowe brzmienia. Wokalista podczas koncertu gra na instrumentach klawiszowych. Wspomaga go znany m.in. z zespo\u0142u Pudelsi pianista m\u0142odego pokolenia \u2013 Adam Drzewiecki. <\/span><\/span><\/span><\/p>\n<p align=\"CENTER\"><span style=\"color: #000000;\"><span style=\"font-family: 'Times New Roman', serif;\"><span style=\"font-size: medium;\">25.10.17 godz.20.00 Sala Gotycka w Starym Klasztorze, ul. Purkyniego 1<\/span><\/span><\/span><\/p>\n<p align=\"CENTER\"><span style=\"color: #000000;\"><span style=\"font-family: 'Times New Roman', serif;\"><span style=\"font-size: medium;\">JANUSZ RADEK &#8222;Kim ty jeste\u015b dla mnie&#8221;<\/span><\/span><\/span><\/p>\n<p align=\"CENTER\"><span style=\"color: #000000;\"><span style=\"font-family: 'Times New Roman', serif;\"><span style=\"font-size: medium;\">bilety: 60 z\u0142 \u2013 I miejsca, 45 z\u0142 \u2013 II miejsca, 35 z\u0142\u2013 wej\u015bci\u00f3wki stoj\u0105ce (studenci i uczniowie)<\/span><\/span><\/span><\/p>\n<p align=\"CENTER\"><span style=\"color: #000000;\"><span style=\"font-family: 'Times New Roman', serif;\"><span style=\"font-size: medium;\">Bilety dost\u0119pne w sieci salon\u00f3w Empik, Saturn i MediaMarkt w ca\u0142ej Polsce<\/span><\/span><\/span><\/p>\n<p align=\"CENTER\"><span style=\"color: #000000;\"><span style=\"font-family: 'Times New Roman', serif;\"><span style=\"font-size: medium;\">oraz w serwisach: <a href=\"http:\/\/www.staryklasztor.com.pl\/bilety\/\">www.staryklasztor.com.pl\/bilety\/<\/a>, <a href=\"http:\/\/www.biletin.pl\">www.biletin.pl<\/a>, <a href=\"http:\/\/www.ticketpro.pl\">www.ticketpro.pl<\/a>, <a href=\"http:\/\/www.eventim.pl\">www.eventim.pl<\/a> <\/span><\/span><\/span><\/p>\n<p align=\"CENTER\"><span style=\"color: #000000;\"><span style=\"font-family: 'Times New Roman', serif;\"><span style=\"font-size: medium;\">Uwaga, w okresie wakacyjnym (do 15 wrze\u015bnia) kasa biletowa w klubie Stary Klasztor jest nieczynna!<\/span><\/span><\/span><\/p>\n","protected":false},"excerpt":{"rendered":"<p>Ethno Jazz Festival zaprasza 25 pa\u017adziernika do Sali Gotyckiej na koncert Janusza Radka, kt\u00f3ry zaprezentuje wroc\u0142awskiej publiczno\u015bci swoj\u0105 najnowsz\u0105 p\u0142yt\u0119 i inne, znane ju\u017c utwory. W maju tego roku mia\u0142a miejsce premiera p\u0142yty &#8222;Kim Ty Jeste\u015b Dla Mnie&#8221;, na kt\u00f3rej Janusz Radek kolejny raz wy\u015bpiewa\u0142 najpi\u0119kniejsze wiersze Haliny Po\u015bwiatowskiej. Po raz pierwszy wiersze Po\u015bwiatowskiej pojawi\u0142y [&hellip;]<\/p>\n","protected":false},"author":1,"featured_media":0,"comment_status":"closed","ping_status":"open","sticky":false,"template":"","format":"standard","meta":{"jetpack_post_was_ever_published":false,"_jetpack_newsletter_access":"","_jetpack_dont_email_post_to_subs":false,"_jetpack_newsletter_tier_id":0,"_jetpack_memberships_contains_paywalled_content":false,"_jetpack_memberships_contains_paid_content":false,"footnotes":"","jetpack_publicize_message":"","jetpack_publicize_feature_enabled":true,"jetpack_social_post_already_shared":true,"jetpack_social_options":{"image_generator_settings":{"template":"highway","default_image_id":0,"enabled":false},"version":2}},"categories":[4],"tags":[],"class_list":["post-10673","post","type-post","status-publish","format-standard","hentry","category-koncerty"],"jetpack_publicize_connections":[],"jetpack_featured_media_url":"","jetpack_sharing_enabled":true,"jetpack_shortlink":"https:\/\/wp.me\/p67auQ-2M9","_links":{"self":[{"href":"http:\/\/muzykabeztajemnic.info.pl\/index.php?rest_route=\/wp\/v2\/posts\/10673","targetHints":{"allow":["GET"]}}],"collection":[{"href":"http:\/\/muzykabeztajemnic.info.pl\/index.php?rest_route=\/wp\/v2\/posts"}],"about":[{"href":"http:\/\/muzykabeztajemnic.info.pl\/index.php?rest_route=\/wp\/v2\/types\/post"}],"author":[{"embeddable":true,"href":"http:\/\/muzykabeztajemnic.info.pl\/index.php?rest_route=\/wp\/v2\/users\/1"}],"replies":[{"embeddable":true,"href":"http:\/\/muzykabeztajemnic.info.pl\/index.php?rest_route=%2Fwp%2Fv2%2Fcomments&post=10673"}],"version-history":[{"count":0,"href":"http:\/\/muzykabeztajemnic.info.pl\/index.php?rest_route=\/wp\/v2\/posts\/10673\/revisions"}],"wp:attachment":[{"href":"http:\/\/muzykabeztajemnic.info.pl\/index.php?rest_route=%2Fwp%2Fv2%2Fmedia&parent=10673"}],"wp:term":[{"taxonomy":"category","embeddable":true,"href":"http:\/\/muzykabeztajemnic.info.pl\/index.php?rest_route=%2Fwp%2Fv2%2Fcategories&post=10673"},{"taxonomy":"post_tag","embeddable":true,"href":"http:\/\/muzykabeztajemnic.info.pl\/index.php?rest_route=%2Fwp%2Fv2%2Ftags&post=10673"}],"curies":[{"name":"wp","href":"https:\/\/api.w.org\/{rel}","templated":true}]}}