{"id":10522,"date":"2017-09-14T18:50:06","date_gmt":"2017-09-14T18:50:06","guid":{"rendered":"https:\/\/muzykabeztajemnic.info.pl\/?p=10522"},"modified":"2017-09-14T18:50:06","modified_gmt":"2017-09-14T18:50:06","slug":"skroty-daria-zawialow-posluchaj-nowego-singla","status":"publish","type":"post","link":"http:\/\/muzykabeztajemnic.info.pl\/?p=10522","title":{"rendered":"\u201cNa skr\u00f3ty\u201d z Dari\u0105 Zawia\u0142ow \u2013 pos\u0142uchaj nowego singla!"},"content":{"rendered":"<p><strong><img loading=\"lazy\" decoding=\"async\" class=\"alignnone size-full wp-image-10523\" src=\"https:\/\/muzykabeztajemnic.info.pl\/wp-content\/uploads\/2017\/09\/31c93583-b5b8-4432-afd0-e0a96cf1ac6a.jpg\" alt=\"\" width=\"663\" height=\"365\" srcset=\"http:\/\/muzykabeztajemnic.info.pl\/wp-content\/uploads\/2017\/09\/31c93583-b5b8-4432-afd0-e0a96cf1ac6a.jpg 663w, http:\/\/muzykabeztajemnic.info.pl\/wp-content\/uploads\/2017\/09\/31c93583-b5b8-4432-afd0-e0a96cf1ac6a-300x165.jpg 300w, http:\/\/muzykabeztajemnic.info.pl\/wp-content\/uploads\/2017\/09\/31c93583-b5b8-4432-afd0-e0a96cf1ac6a-600x330.jpg 600w\" sizes=\"auto, (max-width: 663px) 100vw, 663px\" \/><\/strong><\/p>\n<p><strong>Na skr\u00f3ty\u201d z Dari\u0105 Zawia\u0142ow! <\/strong><\/p>\n<p><strong>POS\u0141UCHAJ NOWEGO SINGLA NA <a href=\"https:\/\/www.youtube.com\/watch?v=oBs5hxkKDUc\">YOUTUBE<\/a>\/<a href=\"https:\/\/www.vevo.com\/watch\/daria-zawialow\/na-skroty-(audio)\/PLB391700071\">VEVO<\/a><\/strong><\/p>\n<p><strong>Po serii rewelacyjnie przyj\u0119tych koncert\u00f3w na letnich festiwalach muzycznych, Daria Zawia\u0142ow rozpoczyna jesie\u0144 od piosenki-niespodzianki!<\/strong><\/p>\n<p>Daria Zawia\u0142ow nie zwalnia tempa i prezentuje zupe\u0142nie nowy utw\u00f3r! Singiel zatytu\u0142owany \u201eNa skr\u00f3ty\u201d (<strong><a href=\"https:\/\/dariazawialow.lnk.to\/NaSkroty\">POS\u0141UCHAJ\/KUP UTW\u00d3R<\/a><\/strong>) zosta\u0142 ju\u017c Piosenk\u0105 Dnia w Tr\u00f3jce, a niebawem b\u0119dzie mo\u017cna us\u0142ysze\u0107 go na \u017cywo podczas jesiennej trasy koncertowej, kt\u00f3r\u0105 Daria rozpoczyna 5 pa\u017adziernika w swoim rodzinnym mie\u015bcie. Daria zapowiada te\u017c, \u017ce do piosenki powstaje teledysk, kt\u00f3rego premiera ju\u017c wkr\u00f3tce!<\/p>\n<p>\u201eNa skr\u00f3ty\u201d ma w sobie wszystkie mocne strony \u201eMalinowego chru\u015bniaka\u201d i \u201eKundla burego\u201d. To numer z zawadiackim refrenem, chwytliwym gitarowym riffem i produkcj\u0105 \u0142\u0105cz\u0105c\u0105 gitarow\u0105 alternatyw\u0119 z elektronik\u0105. Daria pracowa\u0142a nad nim z Micha\u0142em Kushem, producentem swojej debiutanckiej p\u0142yty \u201eA kysz!\u201d (<a href=\"https:\/\/sonymusicpoland.lnk.to\/aKysz\">POS\u0141UCHAJ\/KUP ALBUM<\/a>), kt\u00f3ra trafi\u0142a do sklep\u00f3w w marcu i zebra\u0142a \u015bwietne recenzje.<\/p>\n<p><iframe loading=\"lazy\" title=\"Daria Zawialow - Na Skr\u00f3ty (Audio)\" width=\"800\" height=\"450\" src=\"https:\/\/www.youtube.com\/embed\/oBs5hxkKDUc?feature=oembed\" frameborder=\"0\" allow=\"accelerometer; autoplay; clipboard-write; encrypted-media; gyroscope; picture-in-picture; web-share\" referrerpolicy=\"strict-origin-when-cross-origin\" allowfullscreen><\/iframe><\/p>\n<p>\u201eTo dow\u00f3d na to, \u017ce artysta nie musi by\u0107 jednowymiarowy\u201d \u2013 napisa\u0142a I\u015bka Marchwicka w recenzji \u201eA kysz!\u201d dla Interii, a Robert Sankowski w \u201eWyborczej\u201d okre\u015bli\u0142 Dari\u0119 artystk\u0105 obdarzon\u0105 darem wy\u015bpiewywania chwytliwych numer\u00f3w, o jakich marz\u0105 dyrektorzy stacji radiowych, kt\u00f3r\u0105 r\u00f3wnolegle ci\u0105gnie do grania nieoczywistego, \u201ewytr\u0105caj\u0105cego s\u0142uchaczy z popowego b\u0142ogostanu\u201d.<\/p>\n<p>Pierwsze koncerty po premierze p\u0142yty pokaza\u0142y, \u017ce Daria potrafi czarowa\u0107 nie tylko w studiu. Artystka wyst\u0105pi\u0142a na najbardziej presti\u017cowych festiwalach \u2013 od Open\u2019era po M\u0119skie Granie, a ju\u017c w pa\u017adzierniku rusza w tras\u0119 \u201eA Kysz Tour!\u201d, kt\u00f3ra obejmie kilkana\u015bcie polskich miast.<\/p>\n<p>A KYSZ TOUR:<\/p>\n<p>05.10 \u2013 Koszalin, Teatr Muza<\/p>\n<p>06.10 \u2013 Gda\u0144sk, Stary Mane\u017c<\/p>\n<p>07.10 \u2013 Toru\u0144. OD NOWA<\/p>\n<p>12.10 \u2013 Pozna\u0144, Blue Note<\/p>\n<p>19.10 \u2013\u00a0 \u0141\u00f3d\u017a, Wytw\u00f3rnia<\/p>\n<p>19.11 \u2013 Zielona G\u00f3ra, Kawon<\/p>\n<p>30.11 \u2013 Lublin, Klub 30<\/p>\n<p>07.12 \u2013 Wroc\u0142aw, Stary Klasztor<\/p>\n<p>08.12 \u2013 Bielsko Bia\u0142a, Klub Miasto<\/p>\n<p>09.12 \u2013 Katowice, Kr\u00f3lestwo<\/p>\n<p>10.12 \u2013 Krak\u00f3w, Forty Kleparz<\/p>\n<p>14.12 \u2013 Warszawa, Palladium<\/p>\n<p>15.12 \u2013 Bia\u0142ystok, Zmiana Klimatu<\/p>\n<p><strong>Obserwuj DARI\u0118 ZAWIA\u0141OW w Internecie:<\/strong><\/p>\n<p><a href=\"https:\/\/www.facebook.com\/dariazawialow\/?fref=ts\">Facebook<\/a>\u00a0|\u00a0<a href=\"https:\/\/www.instagram.com\/zavialovd\/\">Instagram<\/a>\u00a0|\u00a0<a href=\"https:\/\/www.youtube.com\/channel\/UCkPZtuPD0Dkg8ZQFADnq0FQ\">YouTube<\/a><\/p>\n<p><strong>Znajdziesz nas na:<\/strong><\/p>\n<p><a href=\"http:\/\/www.facebook.com\/sonymusicpoland\"><strong>Facebook<\/strong><\/a><strong> | <\/strong><a href=\"https:\/\/www.instagram.com\/sonymusicpoland\/\"><strong>Instagram<\/strong><\/a><strong> | <\/strong><a href=\"http:\/\/www.twitter.com\/sonymusicpl\"><strong>Twitter<\/strong><\/a><strong> | <\/strong><a href=\"http:\/\/www.youtube.com\/user\/SonyMusicPL\"><strong>YouTube<\/strong><\/a><strong> | <\/strong><a href=\"http:\/\/www.sonymusic.pl\/\"><strong>WWW<\/strong><\/a><\/p>\n<p>\u0179r\u00f3d\u0142o: sonymusic.pl<\/p>\n","protected":false},"excerpt":{"rendered":"<p>Na skr\u00f3ty\u201d z Dari\u0105 Zawia\u0142ow! POS\u0141UCHAJ NOWEGO SINGLA NA YOUTUBE\/VEVO Po serii rewelacyjnie przyj\u0119tych koncert\u00f3w na letnich festiwalach muzycznych, Daria Zawia\u0142ow rozpoczyna jesie\u0144 od piosenki-niespodzianki! Daria Zawia\u0142ow nie zwalnia tempa i prezentuje zupe\u0142nie nowy utw\u00f3r! Singiel zatytu\u0142owany \u201eNa skr\u00f3ty\u201d (POS\u0141UCHAJ\/KUP UTW\u00d3R) zosta\u0142 ju\u017c Piosenk\u0105 Dnia w Tr\u00f3jce, a niebawem b\u0119dzie mo\u017cna us\u0142ysze\u0107 go na \u017cywo [&hellip;]<\/p>\n","protected":false},"author":1,"featured_media":10523,"comment_status":"closed","ping_status":"open","sticky":false,"template":"","format":"standard","meta":{"jetpack_post_was_ever_published":false,"_jetpack_newsletter_access":"","_jetpack_dont_email_post_to_subs":false,"_jetpack_newsletter_tier_id":0,"_jetpack_memberships_contains_paywalled_content":false,"_jetpack_memberships_contains_paid_content":false,"footnotes":"","jetpack_publicize_message":"","jetpack_publicize_feature_enabled":true,"jetpack_social_post_already_shared":true,"jetpack_social_options":{"image_generator_settings":{"template":"highway","default_image_id":0,"enabled":false},"version":2}},"categories":[6],"tags":[],"class_list":["post-10522","post","type-post","status-publish","format-standard","has-post-thumbnail","hentry","category-klipy"],"jetpack_publicize_connections":[],"jetpack_featured_media_url":"http:\/\/muzykabeztajemnic.info.pl\/wp-content\/uploads\/2017\/09\/31c93583-b5b8-4432-afd0-e0a96cf1ac6a.jpg","jetpack_sharing_enabled":true,"jetpack_shortlink":"https:\/\/wp.me\/p67auQ-2JI","_links":{"self":[{"href":"http:\/\/muzykabeztajemnic.info.pl\/index.php?rest_route=\/wp\/v2\/posts\/10522","targetHints":{"allow":["GET"]}}],"collection":[{"href":"http:\/\/muzykabeztajemnic.info.pl\/index.php?rest_route=\/wp\/v2\/posts"}],"about":[{"href":"http:\/\/muzykabeztajemnic.info.pl\/index.php?rest_route=\/wp\/v2\/types\/post"}],"author":[{"embeddable":true,"href":"http:\/\/muzykabeztajemnic.info.pl\/index.php?rest_route=\/wp\/v2\/users\/1"}],"replies":[{"embeddable":true,"href":"http:\/\/muzykabeztajemnic.info.pl\/index.php?rest_route=%2Fwp%2Fv2%2Fcomments&post=10522"}],"version-history":[{"count":0,"href":"http:\/\/muzykabeztajemnic.info.pl\/index.php?rest_route=\/wp\/v2\/posts\/10522\/revisions"}],"wp:featuredmedia":[{"embeddable":true,"href":"http:\/\/muzykabeztajemnic.info.pl\/index.php?rest_route=\/wp\/v2\/media\/10523"}],"wp:attachment":[{"href":"http:\/\/muzykabeztajemnic.info.pl\/index.php?rest_route=%2Fwp%2Fv2%2Fmedia&parent=10522"}],"wp:term":[{"taxonomy":"category","embeddable":true,"href":"http:\/\/muzykabeztajemnic.info.pl\/index.php?rest_route=%2Fwp%2Fv2%2Fcategories&post=10522"},{"taxonomy":"post_tag","embeddable":true,"href":"http:\/\/muzykabeztajemnic.info.pl\/index.php?rest_route=%2Fwp%2Fv2%2Ftags&post=10522"}],"curies":[{"name":"wp","href":"https:\/\/api.w.org\/{rel}","templated":true}]}}