{"id":10519,"date":"2017-09-14T18:47:13","date_gmt":"2017-09-14T18:47:13","guid":{"rendered":"https:\/\/muzykabeztajemnic.info.pl\/?p=10519"},"modified":"2017-09-14T18:47:13","modified_gmt":"2017-09-14T18:47:13","slug":"andrzej-piaseczny-o-o-tobie-o-nas-nowy-album-juz-13-pazdziernika","status":"publish","type":"post","link":"http:\/\/muzykabeztajemnic.info.pl\/?p=10519","title":{"rendered":"Andrzej Piaseczny \u2013 \u201cO mnie, o tobie, o nas\u201d. Nowy album ju\u017c 13 pa\u017adziernika!"},"content":{"rendered":"<p><strong><img loading=\"lazy\" decoding=\"async\" class=\"alignnone size-full wp-image-10520\" src=\"https:\/\/muzykabeztajemnic.info.pl\/wp-content\/uploads\/2017\/09\/21751681_1901835039831678_1163072872981238616_n.jpg\" alt=\"\" width=\"480\" height=\"430\" srcset=\"http:\/\/muzykabeztajemnic.info.pl\/wp-content\/uploads\/2017\/09\/21751681_1901835039831678_1163072872981238616_n.jpg 480w, http:\/\/muzykabeztajemnic.info.pl\/wp-content\/uploads\/2017\/09\/21751681_1901835039831678_1163072872981238616_n-300x269.jpg 300w\" sizes=\"auto, (max-width: 480px) 100vw, 480px\" \/><\/strong><\/p>\n<p><strong>Andrzej Piaseczny \u2013\u00a0<\/strong><strong><em>\u201eO mnie, o tobie, o nas\u201d<\/em><\/strong><\/p>\n<p><em>Nowy album ju\u017c 13 pa\u017adziernika!<\/em><\/p>\n<p><strong><em><u>POS\u0141UCHAJ SINGLA \u201eWSZYSTKO DOBRZE\u201d NA <a href=\"https:\/\/www.vevo.com\/watch\/andrzej-piaseczny\/wszystko-dobrze-(audio)\/PLB391700073\">VEVO<\/a>\/<a href=\"https:\/\/www.youtube.com\/watch?v=SjHhVVFs8iY\">YOUTUBE<\/a><\/u><\/em><\/strong><\/p>\n<p>Co m\u00f3g\u0142 zrobi\u0107 <strong>Andrzej Piaseczny<\/strong> po szlachetnie melancholijnych p\u0142ytach z piosenkami Seweryna Krajewskiego i przygotowanym z wielkim rozmachem, nagranym z holendersk\u0105 Metropole Orkest, albumem \u201eKalejdoskop\u201d? Wokalista \u015bwi\u0119tuje w\u0142a\u015bnie \u0107wier\u0107wiecze na scenie, wi\u0119c wypada\u0142oby przygotowa\u0107 jaki\u015b jubileusz, podsumowanie, best of\u2026 Owszem, na to te\u017c przyjdzie czas, na koncertach. Now\u0105 p\u0142yt\u0105 natomiast Piaseczny zaskoczy zar\u00f3wno swoich wiernych fan\u00f3w, jak i tych, kt\u00f3rzy do tej pory podchodzili do nagra\u0144 wokalisty z dystansem.<\/p>\n<p><iframe loading=\"lazy\" title=\"Andrzej Piaseczny - Wszystko Dobrze (Audio)\" width=\"800\" height=\"450\" src=\"https:\/\/www.youtube.com\/embed\/SjHhVVFs8iY?feature=oembed\" frameborder=\"0\" allow=\"accelerometer; autoplay; clipboard-write; encrypted-media; gyroscope; picture-in-picture; web-share\" referrerpolicy=\"strict-origin-when-cross-origin\" allowfullscreen><\/iframe><\/p>\n<p>Album <strong>\u201eO mnie, o tobie, o nas\u201d<\/strong>, zawieraj\u0105cy kompozycje <strong>Ani D\u0105browskiej<\/strong>, to p\u0142yta nie tylko dojrza\u0142a, ale te\u017c zaskakuj\u0105co pogodna. \u2013 Tak, jestem u\u015bmiechni\u0119tym, szcz\u0119\u015bliwym cz\u0142owiekiem \u2013 m\u00f3wi o sobie wokalista, r\u00f3wnocze\u015bnie opisuj\u0105c nastr\u00f3j albumu.<\/p>\n<p>Pomys\u0142 wsp\u00f3\u0142pracy z Ani\u0105 D\u0105browsk\u0105, pierwsz\u0105 dam\u0105 polskiego popu, nie tylko \u015bwietn\u0105 wokalistk\u0105, ale te\u017c znakomit\u0105 autork\u0105 piosenek, narodzi\u0142 si\u0119 pono\u0107 przed dekad\u0105. Wtedy jednak nie starczy\u0142o czasu, ona by\u0142a zbyt zaj\u0119ta w\u0142asn\u0105 karier\u0105, on nie m\u00f3g\u0142 czeka\u0107 zbyt d\u0142ugo. Ale co si\u0119 odwlecze\u2026<\/p>\n<p>\u2013 Dla nas obojga by\u0142o oczywiste, \u017ce pr\u0119dzej czy p\u00f3\u017aniej znowu si\u0119 spotkamy \u2013 przyznaje Piaseczny. \u2013 Los zetkn\u0105\u0142 nas ponownie w pierwszej edycji \u201eThe Voice of Poland\u201d i zn\u00f3w zamienili\u015bmy na ten temat kilka zda\u0144: mo\u017ce powinni\u015bmy, mo\u017ce kiedy\u015b, mo\u017ce za chwil\u0119\u2026 Kwit\u0142o to wi\u0119c bardzo wiele lat i wreszcie wyda\u0142o owoce.<\/p>\n<p>Dojrza\u0142e owoce, trzeba doda\u0107, w postaci 10 piosenek. Z jednej strony s\u0142ycha\u0107 w nich charakterystyczny sznyt Ani, z drugiej \u2013 to bez w\u0105tpienia styl i klimat Andrzeja. O pogodzenie dw\u00f3ch \u017cywio\u0142\u00f3w w studiu zadba\u0142 <strong>Micha\u0142 Przytu\u0142a<\/strong>. Stary, dobry znajomy, z kt\u00f3rym Piaseczny wsp\u00f3\u0142pracowa\u0142 jeszcze w latach 90., a kt\u00f3rego uchu do dobrej, przebojowej muzyki zawdzi\u0119czamy r\u00f3wnie\u017c produkcje Kayah czy Reni Jusis.<\/p>\n<p>\u2013 Naprawd\u0119 zat\u0119skni\u0142em za Micha\u0142em, z kt\u00f3rym nie pracowa\u0142em od wielu lat. To by\u0142o wystarczaj\u0105cym powodem, \u017ceby si\u0119 z nim spotka\u0107 i powiedzie\u0107: \u201eS\u0142uchaj, zr\u00f3bmy co\u015b. Tak dawno niczego razem nie robili\u015bmy, a kiedy\u015b by\u0142o naprawd\u0119 fajnie\u201d. \u201eFajnie\u201d to zreszt\u0105 nieodpowiednie, zbyt p\u0142askie s\u0142owo. Tym bardziej, \u017ce wk\u0142ad Micha\u0142a w t\u0119 p\u0142yt\u0119 by\u0142 znacznie wi\u0119kszy, ni\u017c mo\u017cna si\u0119 domy\u015bla\u0107 czytaj\u0105c ksi\u0105\u017ceczk\u0119 \u2013 przyznaje wokalista.<\/p>\n<p>Przytu\u0142a nada\u0142 ostateczn\u0105 form\u0119 utworom, kt\u00f3rych tre\u015b\u0107 wyp\u0142ywa z osobistych do\u015bwiadcze\u0144 Andrzeja Piasecznego, ale dotyczy spraw znanych nam wszystkim. To piosenki o mi\u0142o\u015bci i przyja\u017ani, o tym, \u017ce warto dawa\u0107 sobie drug\u0105 szans\u0119 i o tym, \u017ce ka\u017cdy dzie\u0144 w\u015br\u00f3d najbli\u017cszych jest na wag\u0119 z\u0142ota.<\/p>\n<p>\u2013 Piosenki o uczuciach s\u0105 uniwersalne \u2013 podkre\u015bla wokalista. \u2013 Opowiadam wi\u0119c o sobie, ale mog\u0105 si\u0119 w tym odnale\u017a\u0107 inni ludzie, je\u015bli tylko tego chc\u0105.<\/p>\n<p>P\u0142yta \u201eO mnie, o tobie, o nas\u201d ma tak\u017ce wyj\u0105tkow\u0105 opraw\u0119 wizualn\u0105 \u2013 artysta zrezygnowa\u0142 z umieszczenia na ok\u0142adce swojego wizerunku. \u2013 To jest muzyka popularna, ale i ona przecie\u017c mo\u017ce m\u00f3wi\u0107 sama za siebie. Dajmy jej opakowanie, kt\u00f3re nie b\u0119dzie tak oczywiste, niech i ono zaciekawia, niech sk\u0142ania ludzi do refleksji \u2013 m\u00f3wi Piaseczny. \u2013 Dla mnie to jest linia \u017cycia. Nieco inaczej przedstawiona, ni\u017c elektrokardiogram, do kt\u00f3rego jeste\u015bmy przyzwyczajeni. To raczej spl\u0105tanie \u015bcie\u017cek, kt\u00f3re ma nie tylko wej\u015bcie, ale i wyj\u015bcie. To inny rodzaj zapisu emocji, kt\u00f3re znalaz\u0142y si\u0119 w tych piosenkach \u2013 wyja\u015bnia znaczenie symbolu, kt\u00f3ry znalaz\u0142 si\u0119 na ok\u0142adce.<\/p>\n<p>Album promuj\u0105 single <strong>\u201eMy (O mnie, o tobie, o nas)\u201d<\/strong> <strong>(<\/strong><a href=\"http:\/\/www.youtube.com\/watch?v=fsxKhV7_al8\"><strong>ZOBACZ TELEDYSK<\/strong><\/a><strong>) <\/strong>oraz <strong>\u201eWszystko dobrze\u201d (<a href=\"https:\/\/www.youtube.com\/watch?v=SjHhVVFs8iY\">POS\u0141UCHAJ<\/a>)<\/strong>. P\u0142yta <strong>\u201eO mnie, o tobie, o nas\u201d<\/strong> trafi do sprzeda\u017cy 13 pa\u017adziernika.<\/p>\n<p>&nbsp;<\/p>\n<p><strong>Obserwuj ANDRZEJA PIASECZNEGO w Internecie:<\/strong><\/p>\n<p><a href=\"https:\/\/www.facebook.com\/Andrzej-Piasecznyoficjalny-profil-221864754495390\/\"><strong>Facebook<\/strong><\/a><strong>\u00a0|\u00a0<\/strong><a href=\"https:\/\/www.youtube.com\/user\/AndrzejPiasecznyVEVO\"><strong>YouTube<\/strong><\/a><strong>\u00a0|\u00a0<\/strong><a href=\"http:\/\/www.andrzejpiaseczny.art.pl\/\"><strong>WWW<\/strong><\/a><\/p>\n<p><strong>Znajdziesz nas na:<\/strong><\/p>\n<p><a href=\"http:\/\/www.facebook.com\/sonymusicpoland\"><strong>Facebook<\/strong><\/a><strong> | <\/strong><a href=\"https:\/\/www.instagram.com\/sonymusicpoland\/\"><strong>Instagram<\/strong><\/a><strong> | <\/strong><a href=\"http:\/\/www.twitter.com\/sonymusicpl\"><strong>Twitter<\/strong><\/a><strong> | <\/strong><a href=\"http:\/\/www.youtube.com\/user\/SonyMusicPL\"><strong>YouTube<\/strong><\/a><strong> | <\/strong><a href=\"http:\/\/www.sonymusic.pl\/\"><strong>WWW<\/strong><\/a><\/p>\n<p>\u0179r\u00f3d\u0142o: Sonymusic.pl<\/p>\n","protected":false},"excerpt":{"rendered":"<p>Andrzej Piaseczny \u2013\u00a0\u201eO mnie, o tobie, o nas\u201d Nowy album ju\u017c 13 pa\u017adziernika! POS\u0141UCHAJ SINGLA \u201eWSZYSTKO DOBRZE\u201d NA VEVO\/YOUTUBE Co m\u00f3g\u0142 zrobi\u0107 Andrzej Piaseczny po szlachetnie melancholijnych p\u0142ytach z piosenkami Seweryna Krajewskiego i przygotowanym z wielkim rozmachem, nagranym z holendersk\u0105 Metropole Orkest, albumem \u201eKalejdoskop\u201d? Wokalista \u015bwi\u0119tuje w\u0142a\u015bnie \u0107wier\u0107wiecze na scenie, wi\u0119c wypada\u0142oby przygotowa\u0107 jaki\u015b jubileusz, [&hellip;]<\/p>\n","protected":false},"author":1,"featured_media":10520,"comment_status":"closed","ping_status":"open","sticky":false,"template":"","format":"standard","meta":{"jetpack_post_was_ever_published":false,"_jetpack_newsletter_access":"","_jetpack_dont_email_post_to_subs":false,"_jetpack_newsletter_tier_id":0,"_jetpack_memberships_contains_paywalled_content":false,"_jetpack_memberships_contains_paid_content":false,"footnotes":"","jetpack_publicize_message":"","jetpack_publicize_feature_enabled":true,"jetpack_social_post_already_shared":true,"jetpack_social_options":{"image_generator_settings":{"template":"highway","default_image_id":0,"enabled":false},"version":2}},"categories":[1],"tags":[],"class_list":["post-10519","post","type-post","status-publish","format-standard","has-post-thumbnail","hentry","category-uncategorized"],"jetpack_publicize_connections":[],"jetpack_featured_media_url":"http:\/\/muzykabeztajemnic.info.pl\/wp-content\/uploads\/2017\/09\/21751681_1901835039831678_1163072872981238616_n.jpg","jetpack_sharing_enabled":true,"jetpack_shortlink":"https:\/\/wp.me\/p67auQ-2JF","_links":{"self":[{"href":"http:\/\/muzykabeztajemnic.info.pl\/index.php?rest_route=\/wp\/v2\/posts\/10519","targetHints":{"allow":["GET"]}}],"collection":[{"href":"http:\/\/muzykabeztajemnic.info.pl\/index.php?rest_route=\/wp\/v2\/posts"}],"about":[{"href":"http:\/\/muzykabeztajemnic.info.pl\/index.php?rest_route=\/wp\/v2\/types\/post"}],"author":[{"embeddable":true,"href":"http:\/\/muzykabeztajemnic.info.pl\/index.php?rest_route=\/wp\/v2\/users\/1"}],"replies":[{"embeddable":true,"href":"http:\/\/muzykabeztajemnic.info.pl\/index.php?rest_route=%2Fwp%2Fv2%2Fcomments&post=10519"}],"version-history":[{"count":0,"href":"http:\/\/muzykabeztajemnic.info.pl\/index.php?rest_route=\/wp\/v2\/posts\/10519\/revisions"}],"wp:featuredmedia":[{"embeddable":true,"href":"http:\/\/muzykabeztajemnic.info.pl\/index.php?rest_route=\/wp\/v2\/media\/10520"}],"wp:attachment":[{"href":"http:\/\/muzykabeztajemnic.info.pl\/index.php?rest_route=%2Fwp%2Fv2%2Fmedia&parent=10519"}],"wp:term":[{"taxonomy":"category","embeddable":true,"href":"http:\/\/muzykabeztajemnic.info.pl\/index.php?rest_route=%2Fwp%2Fv2%2Fcategories&post=10519"},{"taxonomy":"post_tag","embeddable":true,"href":"http:\/\/muzykabeztajemnic.info.pl\/index.php?rest_route=%2Fwp%2Fv2%2Ftags&post=10519"}],"curies":[{"name":"wp","href":"https:\/\/api.w.org\/{rel}","templated":true}]}}