{"id":10433,"date":"2017-09-08T16:50:01","date_gmt":"2017-09-08T16:50:01","guid":{"rendered":"https:\/\/muzykabeztajemnic.info.pl\/?p=10433"},"modified":"2017-09-08T16:50:01","modified_gmt":"2017-09-08T16:50:01","slug":"rodzina-rawa-blues-festival","status":"publish","type":"post","link":"http:\/\/muzykabeztajemnic.info.pl\/?p=10433","title":{"rendered":"Z rodzin\u0105 na Rawa Blues Festival"},"content":{"rendered":"<p><b>Trwa odliczanie do startu 37 Rawa Blues Festival. Irek Dudek \u2013 pomys\u0142odawca i dyrektor festiwalu \u2013 od lat podkre\u015bla rodzinny charakter tej imprezy. W tym roku\u00a0wprowadzone zostan\u0105 udogodnienia dla rodzin, kt\u00f3re zdecyduj\u0105 si\u0119 w bawi\u0107 w \u201eSpodku&#8221; ze swoimi pociechami.<\/b><\/p>\n<p>Przede wszystkim w hali zostanie uruchomione specjalne wyj\u015bcie, kt\u00f3rym rodzice lub opiekunowie b\u0119d\u0105 mogli jednorazowo opu\u015bci\u0107 festiwal, by odwie\u017a\u0107 maluchy\u00a0do domu i powr\u00f3ci\u0107 na kolejne koncerty. Co\u015b dla dzieci znajdzie si\u0119 r\u00f3wnie\u017c w menu festiwalowej restauracji. Oczywi\u015bcie, podobnie jak w ubieg\u0142ych latach, dzieci do\u00a012 roku \u017cycia wchodz\u0105 do \u201eSpodka&#8221; za darmo.<\/p>\n<p>Tradycyjnie ju\u017c, podczas festiwalu nie b\u0119dzie sprzedawany alkohol.\u00a0&#8211; Na Rawie Blues kr\u0119ci wy\u0142\u0105cznie muzyka. Chc\u0119, aby ca\u0142e rodziny czu\u0142y si\u0119 bezpiecznie i\u00a0\u015bwietnie si\u0119 bawi\u0142y na Rawie \u2013\u00a0podkre\u015bla Irek Dudek.<br \/>\nTegoroczna Rawa Blues Festival potrwa trzy dni. 28 wrze\u015bnia odb\u0119d\u0105 si\u0119 warsztaty prowadzone przez Sonny&#8217;ego Landretha, mistrza techniki slide.<\/p>\n<p>Dzie\u0144 p\u00f3\u017aniej, opr\u00f3cz drugiego spotkania z Landrethem, koncert w sali NOSPR z udzia\u0142em Eden Brent oraz Irek Dudek Big Band. Wkr\u00f3tce na oficjalnych kana\u0142ach\u00a0informacyjnych festiwalu, pojawi\u0105 si\u0119 informacje dotycz\u0105ce mo\u017cliwo\u015bci odbioru bezp\u0142atnych wej\u015bci\u00f3wek na warsztaty.<\/p>\n<p>W sobot\u0119 30 wrze\u015bnia, blues rozbrzmiewa\u0142 b\u0119dzie w \u201eSpodku&#8221; od 11.00 do p\u00f3\u0142nocy. Gwiazdami festiwalu b\u0119d\u0105: Kris Barras Band, Tim Woodson &amp; Heir Harmony,\u00a0Sonny Landreth i Marcus King Band. Na Du\u017cej Scenie wyst\u0105pi\u0105 r\u00f3wnie\u017c arty\u015bci wybrani przez Rad\u0119 Artystyczn\u0105 festiwalu: Grzegorz Kapo\u0142ka Trio, Sobo Blues Band\u00a0(Izrael), Wes Ga\u0142czy\u0144ski &amp; Power Train, duet Pola Chobot &amp; Adam Baran oraz Two Timer.<br \/>\nBilety na festiwal dost\u0119pne s\u0105 w og\u00f3lnopolskiej sieci Ticketpro. Wi\u0119cej informacji na\u00a0<a href=\"http:\/\/www.rawablues.com\/\" target=\"_blank\" rel=\"noreferrer noopener\">www.rawablues.com<\/a><\/p>\n","protected":false},"excerpt":{"rendered":"<p>Trwa odliczanie do startu 37 Rawa Blues Festival. Irek Dudek \u2013 pomys\u0142odawca i dyrektor festiwalu \u2013 od lat podkre\u015bla rodzinny charakter tej imprezy. W tym roku\u00a0wprowadzone zostan\u0105 udogodnienia dla rodzin, kt\u00f3re zdecyduj\u0105 si\u0119 w bawi\u0107 w \u201eSpodku&#8221; ze swoimi pociechami. Przede wszystkim w hali zostanie uruchomione specjalne wyj\u015bcie, kt\u00f3rym rodzice lub opiekunowie b\u0119d\u0105 mogli jednorazowo [&hellip;]<\/p>\n","protected":false},"author":1,"featured_media":0,"comment_status":"closed","ping_status":"open","sticky":false,"template":"","format":"standard","meta":{"jetpack_post_was_ever_published":false,"_jetpack_newsletter_access":"","_jetpack_dont_email_post_to_subs":false,"_jetpack_newsletter_tier_id":0,"_jetpack_memberships_contains_paywalled_content":false,"_jetpack_memberships_contains_paid_content":false,"footnotes":"","jetpack_publicize_message":"","jetpack_publicize_feature_enabled":true,"jetpack_social_post_already_shared":true,"jetpack_social_options":{"image_generator_settings":{"template":"highway","default_image_id":0,"enabled":false},"version":2}},"categories":[4],"tags":[],"class_list":["post-10433","post","type-post","status-publish","format-standard","hentry","category-koncerty"],"jetpack_publicize_connections":[],"jetpack_featured_media_url":"","jetpack_sharing_enabled":true,"jetpack_shortlink":"https:\/\/wp.me\/p67auQ-2Ih","_links":{"self":[{"href":"http:\/\/muzykabeztajemnic.info.pl\/index.php?rest_route=\/wp\/v2\/posts\/10433","targetHints":{"allow":["GET"]}}],"collection":[{"href":"http:\/\/muzykabeztajemnic.info.pl\/index.php?rest_route=\/wp\/v2\/posts"}],"about":[{"href":"http:\/\/muzykabeztajemnic.info.pl\/index.php?rest_route=\/wp\/v2\/types\/post"}],"author":[{"embeddable":true,"href":"http:\/\/muzykabeztajemnic.info.pl\/index.php?rest_route=\/wp\/v2\/users\/1"}],"replies":[{"embeddable":true,"href":"http:\/\/muzykabeztajemnic.info.pl\/index.php?rest_route=%2Fwp%2Fv2%2Fcomments&post=10433"}],"version-history":[{"count":0,"href":"http:\/\/muzykabeztajemnic.info.pl\/index.php?rest_route=\/wp\/v2\/posts\/10433\/revisions"}],"wp:attachment":[{"href":"http:\/\/muzykabeztajemnic.info.pl\/index.php?rest_route=%2Fwp%2Fv2%2Fmedia&parent=10433"}],"wp:term":[{"taxonomy":"category","embeddable":true,"href":"http:\/\/muzykabeztajemnic.info.pl\/index.php?rest_route=%2Fwp%2Fv2%2Fcategories&post=10433"},{"taxonomy":"post_tag","embeddable":true,"href":"http:\/\/muzykabeztajemnic.info.pl\/index.php?rest_route=%2Fwp%2Fv2%2Ftags&post=10433"}],"curies":[{"name":"wp","href":"https:\/\/api.w.org\/{rel}","templated":true}]}}