{"id":10343,"date":"2017-08-30T09:38:29","date_gmt":"2017-08-30T09:38:29","guid":{"rendered":"https:\/\/muzykabeztajemnic.info.pl\/?p=10343"},"modified":"2017-08-30T09:38:29","modified_gmt":"2017-08-30T09:38:29","slug":"noc-lizbonie-koncert-wielkich-przebojow-fado-wykonaniu-mario-moita-joao-de-sousa","status":"publish","type":"post","link":"http:\/\/muzykabeztajemnic.info.pl\/?p=10343","title":{"rendered":"&#8222;Noc w Lizbonie&#8221; &#8211; koncert wielkich przeboj\u00f3w fado w wykonaniu Mario Moita &#038; Jo\u00e3o de Sousa!"},"content":{"rendered":"<p align=\"CENTER\"><span style=\"color: #000000;\">&#8230;&#8230; M\u00f3wi si\u0119, \u017ce fado nie da si\u0119 opisa\u0107, \u017ce trzeba je prze\u017cy\u0107&#8230;..<\/span><\/p>\n<p align=\"CENTER\"><span style=\"color: #000000;\"> Fado dla swych wykonawc\u00f3w jest balsamem duszy, \u015bpiew u\u015bwi\u0119ca, taniec dodaje mocy, jest wewn\u0119trznym rytua\u0142em, a \u015bpiewak zamyka oczy i jego g\u0142os p\u0142ynie z wn\u0119trza.<\/span><\/p>\n<p align=\"CENTER\"><span style=\"color: #000000;\">Ethno Jazz Festival zaprasza 24 pa\u017adziernika do Sali Gotyckiej w Starym Klasztorze na koncert &#8222;Noc w Lizbonie&#8221;, podczas kt\u00f3rego najwi\u0119ksze przeboje muzyki fado zagraj\u0105 i za\u015bpiewaj\u0105 Mario Moita, jeden z najznakomitszych portugalskich pianist\u00f3w i akordeonist\u00f3w oraz znany wroc\u0142awskiej publiczno\u015bci, Jo\u00e3o de Sousa z towarzyszeniem zespo\u0142u muzycznego.<\/span><\/p>\n<p align=\"CENTER\"><span style=\"color: #000000;\">Mario Moita urodzi\u0142 si\u0119 w Alentejo w Portugalii. W m\u0142odo\u015bci odkry\u0142 swoje zdolno\u015bci muzyczne. Z pi\u0119knym g\u0142osem, gdy mia\u0142 zaledwie osiem lat, wygra\u0142 gal\u0119 dla m\u0142odych wykonawc\u00f3w w mie\u015bcie Evora. W wieku dziesi\u0119ciu lat wyst\u0119powa\u0142 przed kilkutysi\u0119czn\u0105 widowni\u0105 w swoim rodzinnym mie\u015bcie podczas corocznych \u015bwi\u0105t Reguengos de Monsaraz. Nast\u0119pnie rozpocz\u0105\u0142 nauk\u0119 gry na pianinie w Konserwatorium Muzycznym Evory. P\u00f3\u017aniej Mario mia\u0142 okazj\u0119 spotka\u0107 si\u0119 z pianist\u0105 Furtunato Murteir\u0105, kt\u00f3ry by\u0142 wsp\u00f3\u0142czesnym wielkim kompozytorem fado Alberto Janesem.<\/span><\/p>\n<p align=\"CENTER\"><span style=\"color: #000000;\">Na pocz\u0105tku lat 90. za\u0142o\u017cy\u0142 grup\u0119 muzyczn\u0105. Dwa lata p\u00f3\u017aniej wr\u00f3ci\u0142 do swojego rodzimego Alentejo i za\u0142o\u017cy\u0142 zesp\u00f3\u0142 \u201eSix Tetos\u201d.\u00a0 W 1993 roku grupa bra\u0142a udzia\u0142 w programie telewizyjnym \u201eChuva de Estrelas\u201d w portugalskiej stacji telewizyjnej SIC. W 1995 roku Mario rozpocz\u0105\u0142 prac\u0119 jako pianista na zamku kr\u00f3lowej Isabel. Zamiast wsp\u00f3lnego sposobu fado, w towarzystwie gitary, Mario po\u015bwi\u0119ci\u0142 si\u0119 fado na fortepianie. Wed\u0142ug Mario najlepiej by\u0142oby nie przekazywa\u0107 muzyki \u201epo prostu\u201d, ale powi\u0105za\u0107 j\u0105 z kultur\u0105 i wspania\u0142\u0105 histori\u0105 Portugalii.\u00a0 W 2003 roku Mario Moita wkroczy\u0142 na nowy etap swojego \u017cycia. Reprezentowa\u0142 Portugali\u0119 podczas setek festiwali muzycznych i w teatrach na ca\u0142ym \u015bwiecie. Wyst\u0119powa\u0142 w ponad 30 krajach \u2013 od Rumunii przez Estoni\u0119 i Polsk\u0119, a\u017c do Japonii. Du\u017co czasu sp\u0119dza tak\u017ce w Brazylii, gdzie jest lubiany przez media, w tym Jo Soaresa, kt\u00f3ry zaprosi\u0142 go kilka razy do s\u0142ynnego talk show telewizyjnego.<\/span><\/p>\n<p align=\"CENTER\"><span style=\"color: #000000;\">Jo\u00e3o de Sousa to portugalski wokalista, gitarzysta, kompozytor mieszkaj\u0105cy we Wroc\u0142awiu.<\/span><\/p>\n<p align=\"CENTER\"><span style=\"color: #000000;\">Jest znany polskiej publiczno\u015bci jako finalista 4. edycji programu X-Factor oraz koncert\u00f3w w\u0142asnych i z Arielem Ramirezem z Argentyny. Jego pie\u015bni znale\u017a\u0107 mo\u017cna na radiowej p\u0142ycie RAM Cafe vol. 7 oraz albumie SIESTA 11 Marcina Kydry\u0144skiego i na dw\u00f3ch jego w\u0142asnych albumach &#8222;<em>Jo\u00e3o de Sousa &amp; Fado Polaco&#8221;<\/em> oraz &#8222;<em>Luta&#8221;<\/em>.<\/span><\/p>\n<p align=\"CENTER\"><span style=\"color: #000000;\">24.10.17 godz.20.00 Sala Gotycka w Starym Klasztorze, ul. Purkyniego 1<\/span><\/p>\n<p align=\"CENTER\"><span style=\"color: #000000;\">Ethno Jazz Festival<\/span><\/p>\n<p align=\"CENTER\"><span style=\"color: #000000;\">&#8222;NOC W LIZBONIE&#8221; &#8211; Mario Moita &amp; Jo\u00e3o de Sousa (Portugalia) <\/span><\/p>\n<p align=\"CENTER\"><span style=\"color: #000000;\">bilety: 70 z\u0142 \u2013 I miejsca, 55 z\u0142 \u2013 II miejsca, 40 z\u0142 &#8211; miejsca stoj\u0105ce, 30 \u2013 wej\u015bci\u00f3wki (studenci i uczniowie)<\/span><\/p>\n<p align=\"CENTER\"><span style=\"color: #000000;\">Bilety dost\u0119pne w sieci salon\u00f3w Empik, Saturn i MediaMarkt w ca\u0142ej Polsce<\/span><\/p>\n<p align=\"CENTER\"><span style=\"color: #000000;\">oraz w serwisach: <a href=\"http:\/\/www.staryklasztor.com.pl\/bilety\/\">www.staryklasztor.com.pl\/bilety\/<\/a>, <a href=\"http:\/\/www.biletin.pl\">www.biletin.pl<\/a>, <a href=\"http:\/\/www.ticketpro.pl\">www.ticketpro.pl<\/a>, <a href=\"http:\/\/www.eventim.pl\">www.eventim.pl<\/a> <\/span><\/p>\n<p align=\"CENTER\"><span style=\"color: #000000;\">Uwaga, w okresie wakacyjnym kasa biletowa w klubie Stary Klasztor jest nieczynna!<\/span><\/p>\n","protected":false},"excerpt":{"rendered":"<p>&#8230;&#8230; M\u00f3wi si\u0119, \u017ce fado nie da si\u0119 opisa\u0107, \u017ce trzeba je prze\u017cy\u0107&#8230;.. Fado dla swych wykonawc\u00f3w jest balsamem duszy, \u015bpiew u\u015bwi\u0119ca, taniec dodaje mocy, jest wewn\u0119trznym rytua\u0142em, a \u015bpiewak zamyka oczy i jego g\u0142os p\u0142ynie z wn\u0119trza. Ethno Jazz Festival zaprasza 24 pa\u017adziernika do Sali Gotyckiej w Starym Klasztorze na koncert &#8222;Noc w Lizbonie&#8221;, [&hellip;]<\/p>\n","protected":false},"author":1,"featured_media":0,"comment_status":"closed","ping_status":"open","sticky":false,"template":"","format":"standard","meta":{"jetpack_post_was_ever_published":false,"_jetpack_newsletter_access":"","_jetpack_dont_email_post_to_subs":false,"_jetpack_newsletter_tier_id":0,"_jetpack_memberships_contains_paywalled_content":false,"_jetpack_memberships_contains_paid_content":false,"footnotes":"","jetpack_publicize_message":"","jetpack_publicize_feature_enabled":true,"jetpack_social_post_already_shared":true,"jetpack_social_options":{"image_generator_settings":{"template":"highway","default_image_id":0,"enabled":false},"version":2}},"categories":[4],"tags":[],"class_list":["post-10343","post","type-post","status-publish","format-standard","hentry","category-koncerty"],"jetpack_publicize_connections":[],"jetpack_featured_media_url":"","jetpack_sharing_enabled":true,"jetpack_shortlink":"https:\/\/wp.me\/p67auQ-2GP","_links":{"self":[{"href":"http:\/\/muzykabeztajemnic.info.pl\/index.php?rest_route=\/wp\/v2\/posts\/10343","targetHints":{"allow":["GET"]}}],"collection":[{"href":"http:\/\/muzykabeztajemnic.info.pl\/index.php?rest_route=\/wp\/v2\/posts"}],"about":[{"href":"http:\/\/muzykabeztajemnic.info.pl\/index.php?rest_route=\/wp\/v2\/types\/post"}],"author":[{"embeddable":true,"href":"http:\/\/muzykabeztajemnic.info.pl\/index.php?rest_route=\/wp\/v2\/users\/1"}],"replies":[{"embeddable":true,"href":"http:\/\/muzykabeztajemnic.info.pl\/index.php?rest_route=%2Fwp%2Fv2%2Fcomments&post=10343"}],"version-history":[{"count":0,"href":"http:\/\/muzykabeztajemnic.info.pl\/index.php?rest_route=\/wp\/v2\/posts\/10343\/revisions"}],"wp:attachment":[{"href":"http:\/\/muzykabeztajemnic.info.pl\/index.php?rest_route=%2Fwp%2Fv2%2Fmedia&parent=10343"}],"wp:term":[{"taxonomy":"category","embeddable":true,"href":"http:\/\/muzykabeztajemnic.info.pl\/index.php?rest_route=%2Fwp%2Fv2%2Fcategories&post=10343"},{"taxonomy":"post_tag","embeddable":true,"href":"http:\/\/muzykabeztajemnic.info.pl\/index.php?rest_route=%2Fwp%2Fv2%2Ftags&post=10343"}],"curies":[{"name":"wp","href":"https:\/\/api.w.org\/{rel}","templated":true}]}}