{"id":10341,"date":"2017-08-30T09:37:59","date_gmt":"2017-08-30T09:37:59","guid":{"rendered":"https:\/\/muzykabeztajemnic.info.pl\/?p=10341"},"modified":"2017-08-30T09:37:59","modified_gmt":"2017-08-30T09:37:59","slug":"krzysztof-kiljanski-premierowy-koncert-starym-klasztorze","status":"publish","type":"post","link":"http:\/\/muzykabeztajemnic.info.pl\/?p=10341","title":{"rendered":"Krzysztof Kilja\u0144ski &#8211; premierowy koncert w Starym Klasztorze!"},"content":{"rendered":"<p align=\"CENTER\"><span style=\"color: #000000;\"><span style=\"font-family: 'Times New Roman', serif;\"><span style=\"font-size: medium;\">Ethno Jazz Festival zaprasza 14 wrze\u015bnia na premierowy koncert <\/span><\/span><span style=\"font-family: 'Times New Roman', serif;\"><span style=\"font-size: medium;\">Krzysztofa Kilja\u0144skiego <\/span><\/span><span style=\"font-family: 'Times New Roman', serif;\"><span style=\"font-size: medium;\">z piosenkami z najnowszej p\u0142yty &#8222;Still Right Here&#8221;.<br \/>\n16 wrze\u015bnia Kilja\u0144ski wyst\u0105pi w koncercie opolskich premier, tak wi\u0119c <\/span><\/span><span style=\"font-family: 'Times New Roman', serif;\"><span style=\"font-size: medium;\">wroc\u0142awska publiczno\u015b\u0107 uczestniczy\u0107 b\u0119dzie w \u015bwiatowej prapremierze materia\u0142u z p\u0142yty, kt\u00f3ra uka\u017ce si\u0119 we wrze\u015bniu nak\u0142adem Universalu.<\/span><\/span><span style=\"font-family: 'Times New Roman', serif;\"><span style=\"font-size: medium;\"><br \/>\n<\/span><\/span><\/span><\/p>\n<p align=\"CENTER\"><span style=\"color: #000000;\"><span style=\"font-family: 'Times New Roman', serif;\"><span style=\"font-size: medium;\">Krzysztof Kilja\u0144ski to wokalista o wyj\u0105tkowej bardzo ciep\u0142ej, niskiej, aksamitnej i koj\u0105cej barwie g\u0142osu. Nazywany jest polskim Sinatr\u0105, ale nie przepada za tym okre\u015bleniem. Przez ponad dekad\u0119 na scenie wypracowa\u0142 sw\u00f3j niepowtarzalny styl m\u0119\u017cczyzny z klas\u0105, czaruj\u0105cym g\u0142osem i znakomitymi manierami.<\/span><\/span><\/span><\/p>\n<p align=\"CENTER\"><span style=\"color: #000000;\"><span style=\"font-family: 'Times New Roman', serif;\"><span style=\"font-size: medium;\">Sw\u00f3j najwi\u0119kszy przeb\u00f3j \u201ePr\u00f3cz ciebie nic\u201d za\u015bpiewa\u0142 z Kayah. W projekcie Yugopolis wyczarowa\u0142 g\u0142osem ba\u0142ka\u0144sk\u0105 nostalgi\u0119. W 2012 roku na nowo odkry\u0142 piosenki Jonasza Kofty. Rok p\u00f3\u017aniej nagra\u0142 drugi autorski album \u201ePowr\u00f3t\u201d. Nagra\u0142 wiele piosenek z kobietami. W 2014 roku ukaza\u0142 si\u0119 album \u201eDuety\u201d nagrany z dziesi\u0119cioma divami polskiej estrady. Rok p\u00f3\u017aniej, z okazji setnej rocznicy urodzin Jeremiego Przybory, Kilja\u0144ski wraz z The New Warsaw Trio zarejestrowali p\u0142yt\u0119 \u201ePrzybora\u201d z klezmerskim brzmieniem najbardziej znanych piosenek duetu Wasowski\/Przybora. <\/span><\/span><\/span><\/p>\n<p align=\"CENTER\"><span style=\"color: #000000;\"><span style=\"font-family: 'Times New Roman', serif;\"><span style=\"font-size: medium;\">Tak artysta m\u00f3wi o najnowszej p\u0142ycie &#8222;Still Right Here&#8221; <\/span><\/span><\/span><\/p>\n<p align=\"CENTER\"><span style=\"color: #000000;\"><span style=\"font-family: 'Times New Roman', serif;\"><span style=\"font-size: medium;\">&#8222;To kolejny etap mojej podr\u00f3\u017cy, obfituj\u0105cej w szereg znakomitych do\u015bwiadcze\u0144. Nad t\u0105 p\u0142yt\u0105 wsp\u00f3\u0142pracowa\u0142em z fantastycznymi muzykami, realizatorami d\u017awi\u0119ku. Album zawiera piosenki, kt\u00f3re stworzy\u0142 i wsp\u00f3\u0142tworzy\u0142 Marcin Kindla, b\u0119d\u0105cy r\u00f3wnie\u017c producentem p\u0142yty. Jest tam r\u00f3wnie\u017c pi\u0119\u0107 moich kompozycji. Bardzo si\u0119 ciesz\u0119, \u017ce w przypadku dw\u00f3ch piosenek uda\u0142o si\u0119 pozyska\u0107 do wsp\u00f3\u0142pracy duet kompozytor\u00f3w i producent\u00f3w, jaki stanowi\u0105 Jud Friedman i Allan Rich. Panowie tworzyli mi\u0119dzy innymi dla takich artyst\u00f3w jak Whitney Houston, Tina Turner, Rod Stewart czy Ray Charles.<\/span><\/span><\/span><\/p>\n<p align=\"CENTER\"><span style=\"color: #000000;\"><span style=\"font-family: 'Times New Roman', serif;\"><span style=\"font-size: medium;\">Brzmienie p\u0142yty oparte jest o klasyczne instrumenty: bas, b\u0119bny, fortepian, gitary, organy Hammonda. <\/span><\/span><\/span><\/p>\n<p align=\"CENTER\"><span style=\"color: #000000;\"><span style=\"font-family: 'Times New Roman', serif;\"><span style=\"font-size: medium;\">&#8222;Still Right Here&#8221; to p\u0142yta barwna w warstwie muzycznej i literackiej.<\/span><\/span><\/span><\/p>\n<p align=\"CENTER\"><span style=\"color: #000000;\"><span style=\"font-family: 'Times New Roman', serif;\"><span style=\"font-size: medium;\">Co odczuwam po pracy nad tym kr\u0105\u017ckiem ?<\/span><\/span><\/span><\/p>\n<p align=\"CENTER\"><span style=\"color: #000000;\"><span style=\"font-family: 'Times New Roman', serif;\"><span style=\"font-size: medium;\">SATYSFAKCJ\u0118 !&#8221; <\/span><\/span><\/span><\/p>\n<p align=\"CENTER\"><span style=\"color: #000000;\"><span style=\"font-family: 'Times New Roman', serif;\"><span style=\"font-size: medium;\">We Wroc\u0142awiu wyst\u0105pi zesp\u00f3\u0142 w sk\u0142adzie:<\/span><\/span><\/span><\/p>\n<p align=\"CENTER\"><span style=\"color: #000000;\"><span style=\"font-family: 'Times New Roman', serif;\"><span style=\"font-size: medium;\">Krzysztof Kilja\u0144ski &#8211; wokal<br \/>\nArtur Lesicki\u00a0 &#8211; gitara<br \/>\nMarcin Kindla &#8211; gitara<br \/>\nBartosz Szetela &#8211; bass<br \/>\nRafal Karasiewicz &#8211; keyboard<br \/>\nMariusz Mocarski &#8211; perkusja<\/span><\/span><\/span><\/p>\n<p align=\"CENTER\"><span style=\"color: #000000;\"><span style=\"font-family: 'Times New Roman', serif;\"><span style=\"font-size: medium;\">14.09.17 godz.20.00 Sala Gotycka w Starym Klasztorze, ul. Purkyniego 1<\/span><\/span><\/span><\/p>\n<p align=\"CENTER\"><span style=\"color: #000000;\"><span style=\"font-family: 'Times New Roman', serif;\"><span style=\"font-size: medium;\">KRZYSZTOF KILJA\u0143SKI &#8222;Still Right Here&#8221;<\/span><\/span><\/span><\/p>\n<p align=\"CENTER\"><span style=\"color: #000000;\"><span style=\"font-family: 'Times New Roman', serif;\"><span style=\"font-size: medium;\">miejsca siedz\u0105ce: 50 z\u0142 &#8211; przedsprzeda\u017c, 60 z\u0142 &#8211; w dniu koncertu<\/span><\/span><\/span><\/p>\n<p align=\"CENTER\"><span style=\"color: #000000;\"><span style=\"font-family: 'Times New Roman', serif;\"><span style=\"font-size: medium;\">miejsca stoj\u0105ce: 35 z\u0142 &#8211; przedsprzeda\u017c, 40 z\u0142 &#8211; w dniu koncertu<\/span><\/span><\/span><\/p>\n<p align=\"CENTER\"><span style=\"color: #000000;\"><span style=\"font-family: 'Times New Roman', serif;\"><span style=\"font-size: medium;\">Bilety dost\u0119pne w sieci salon\u00f3w Empik, Saturn i MediaMarkt w ca\u0142ej Polsce<\/span><\/span><\/span><\/p>\n<p align=\"CENTER\"><span style=\"color: #000000;\"><span style=\"font-family: 'Times New Roman', serif;\"><span style=\"font-size: medium;\">oraz w serwisach: <a href=\"http:\/\/www.staryklasztor.com.pl\/bilety\/\">www.staryklasztor.com.pl\/bilety\/<\/a>, <a href=\"http:\/\/www.biletin.pl\">www.biletin.pl<\/a>, <a href=\"http:\/\/www.ticketpro.pl\">www.ticketpro.pl<\/a>, <a href=\"http:\/\/www.eventim.pl\">www.eventim.pl<\/a> <\/span><\/span><\/span><\/p>\n<p align=\"CENTER\"><span style=\"color: #000000;\"><span style=\"font-family: 'Times New Roman', serif;\"><span style=\"font-size: medium;\">Uwaga, w okresie wakacyjnym kasa biletowa w klubie Stary Klasztor jest nieczynna!<\/span><\/span><\/span><\/p>\n","protected":false},"excerpt":{"rendered":"<p>Ethno Jazz Festival zaprasza 14 wrze\u015bnia na premierowy koncert Krzysztofa Kilja\u0144skiego z piosenkami z najnowszej p\u0142yty &#8222;Still Right Here&#8221;. 16 wrze\u015bnia Kilja\u0144ski wyst\u0105pi w koncercie opolskich premier, tak wi\u0119c wroc\u0142awska publiczno\u015b\u0107 uczestniczy\u0107 b\u0119dzie w \u015bwiatowej prapremierze materia\u0142u z p\u0142yty, kt\u00f3ra uka\u017ce si\u0119 we wrze\u015bniu nak\u0142adem Universalu. Krzysztof Kilja\u0144ski to wokalista o wyj\u0105tkowej bardzo ciep\u0142ej, niskiej, [&hellip;]<\/p>\n","protected":false},"author":1,"featured_media":0,"comment_status":"closed","ping_status":"open","sticky":false,"template":"","format":"standard","meta":{"jetpack_post_was_ever_published":false,"_jetpack_newsletter_access":"","_jetpack_dont_email_post_to_subs":false,"_jetpack_newsletter_tier_id":0,"_jetpack_memberships_contains_paywalled_content":false,"_jetpack_memberships_contains_paid_content":false,"footnotes":"","jetpack_publicize_message":"","jetpack_publicize_feature_enabled":true,"jetpack_social_post_already_shared":true,"jetpack_social_options":{"image_generator_settings":{"template":"highway","default_image_id":0,"enabled":false},"version":2}},"categories":[4],"tags":[],"class_list":["post-10341","post","type-post","status-publish","format-standard","hentry","category-koncerty"],"jetpack_publicize_connections":[],"jetpack_featured_media_url":"","jetpack_sharing_enabled":true,"jetpack_shortlink":"https:\/\/wp.me\/p67auQ-2GN","_links":{"self":[{"href":"http:\/\/muzykabeztajemnic.info.pl\/index.php?rest_route=\/wp\/v2\/posts\/10341","targetHints":{"allow":["GET"]}}],"collection":[{"href":"http:\/\/muzykabeztajemnic.info.pl\/index.php?rest_route=\/wp\/v2\/posts"}],"about":[{"href":"http:\/\/muzykabeztajemnic.info.pl\/index.php?rest_route=\/wp\/v2\/types\/post"}],"author":[{"embeddable":true,"href":"http:\/\/muzykabeztajemnic.info.pl\/index.php?rest_route=\/wp\/v2\/users\/1"}],"replies":[{"embeddable":true,"href":"http:\/\/muzykabeztajemnic.info.pl\/index.php?rest_route=%2Fwp%2Fv2%2Fcomments&post=10341"}],"version-history":[{"count":0,"href":"http:\/\/muzykabeztajemnic.info.pl\/index.php?rest_route=\/wp\/v2\/posts\/10341\/revisions"}],"wp:attachment":[{"href":"http:\/\/muzykabeztajemnic.info.pl\/index.php?rest_route=%2Fwp%2Fv2%2Fmedia&parent=10341"}],"wp:term":[{"taxonomy":"category","embeddable":true,"href":"http:\/\/muzykabeztajemnic.info.pl\/index.php?rest_route=%2Fwp%2Fv2%2Fcategories&post=10341"},{"taxonomy":"post_tag","embeddable":true,"href":"http:\/\/muzykabeztajemnic.info.pl\/index.php?rest_route=%2Fwp%2Fv2%2Ftags&post=10341"}],"curies":[{"name":"wp","href":"https:\/\/api.w.org\/{rel}","templated":true}]}}