{"id":10254,"date":"2017-08-24T15:39:04","date_gmt":"2017-08-24T15:39:04","guid":{"rendered":"https:\/\/muzykabeztajemnic.info.pl\/?p=10254"},"modified":"2017-08-24T15:39:04","modified_gmt":"2017-08-24T15:39:04","slug":"osiecka-jazzowo-urodziny-agnieszki-osieckiej-starym-klasztorze","status":"publish","type":"post","link":"http:\/\/muzykabeztajemnic.info.pl\/?p=10254","title":{"rendered":"\u201eOsiecka Jazzowo\u201d &#8211; Urodziny Agnieszki Osieckiej w Starym Klasztorze!"},"content":{"rendered":"<p align=\"CENTER\"><span style=\"color: #000000;\">Ethno Jazz Festival zaprasza do Sali Gotyckiej w Starym Klasztorze na koncert promuj\u0105cy wsp\u00f3ln\u0105 p\u0142yt\u0119 Natalii Lubrano z jazzowym kwartetem Krzysztofa \u017bes\u0142awskiego pt. \u201eOsiecka Jazzowo\u201d.<\/span><\/p>\n<p align=\"CENTER\"><span style=\"color: #000000;\">Koncert odb\u0119dzie si\u0119 8 pa\u017adziernika w wigili\u0119 81. rocznicy urodzin Agnieszki Osieckiej.<\/span><\/p>\n<p align=\"CENTER\"><span style=\"color: #000000;\">OSIECKA-JAZZOWO to muzyczny projekt znanego wroc\u0142awskiego muzyka Krzysztofa \u017bes\u0142awskiego\u00a0wsp\u00f3\u0142pracuj\u0105cego z zespo\u0142ami Tax Free i Wolna Grupa Bukowina, kt\u00f3ry do wsp\u00f3\u0142pracy zaprosi\u0142 charyzmatyczn\u0105 wokalistk\u0119 NATALI\u0118 LUBRANO.<\/span><\/p>\n<p align=\"CENTER\"><span style=\"color: #000000;\">W grudniu 2016 roku ukaza\u0142a si\u0119 pierwsza p\u0142yta zespo\u0142u.<\/span><\/p>\n<p align=\"CENTER\"><span style=\"color: #000000;\">Krzysztof \u017bes\u0142awski od wielu lat jest propagatorem tw\u00f3rczo\u015bci Agnieszki Osieckiej, pe\u0142ni r\u00f3wnie\u017c funkcj\u0119 kierownika muzycznego \u00a0Festiwalu Tw\u00f3rczo\u015bci Agnieszki Osieckiej &#8222;Bardzo Wielka Woda&#8221; we Wroc\u0142awiu.<\/span><\/p>\n<p align=\"CENTER\"><span style=\"color: #000000;\">Natalia ma za sob\u0105 wsp\u00f3\u0142prac\u0119 m.in. z Andrzejem Smolikiem i zespo\u0142em Miloopa.<\/span><\/p>\n<p align=\"CENTER\"><span style=\"color: #000000;\">W 2012 r . ukaza\u0142a si\u0119 jej solowa p\u0142yta pt. R.E.S.P.E.C.T. <\/span><\/p>\n<p align=\"CENTER\"><span style=\"color: #000000;\">Natalia Lubrano jest r\u00f3wnie\u017c laureatk\u0105 Przegl\u0105du Piosenki Aktorskiej we Wroc\u0142awiu, gdzie otrzyma\u0142a nagrod\u0119 publiczno\u015bci.<\/span><\/p>\n<p align=\"CENTER\"><span style=\"color: #000000;\">W 2014 r wzi\u0119\u0142a udzia\u0142 w V edycji The Voice of Poland, w dru\u017cynie <a href=\"https:\/\/pl.wikipedia.org\/wiki\/Tomson\"><span style=\"color: #00000a;\"><span style=\"font-family: 'Times New Roman', serif;\"><span style=\"font-size: medium;\">Tomsona<\/span><\/span><\/span><\/a> i <a href=\"https:\/\/pl.wikipedia.org\/wiki\/Aleksander_Milwiw-Baron\"><span style=\"color: #00000a;\"><span style=\"font-family: 'Times New Roman', serif;\"><span style=\"font-size: medium;\">Barona<\/span><\/span><\/span><\/a>, gdzie dotar\u0142a do progu p\u00f3\u0142fina\u0142u.<\/span><\/p>\n<p align=\"CENTER\"><span style=\"color: #000000;\">W sk\u0142ad zespo\u0142u Krzysztof \u017bes\u0142awski Quartet &amp; Natalia Lubrano wchodz\u0105 :<\/span><\/p>\n<p align=\"CENTER\"><span style=\"color: #000000;\">Natalia Lubrano &#8211; \u015bpiew<\/span><\/p>\n<p align=\"CENTER\"><span style=\"color: #000000;\">Krzysztof \u017bes\u0142awski &#8211; gitary<\/span><\/p>\n<p align=\"CENTER\"><span style=\"color: #000000;\">\u0141ukasz Perek &#8211; fortepian<\/span><\/p>\n<p align=\"CENTER\"><span style=\"color: #000000;\">Wojtek Bergander &#8211; kontrabas<\/span><\/p>\n<p align=\"CENTER\"><span style=\"color: #000000;\">Jaros\u0142aw Korzonek &#8211; perkusja<\/span><\/p>\n<p align=\"CENTER\"><span style=\"color: #000000;\">8.10.17 godz.20.00 Sala Gotycka w Starym Klasztorze, ul. Purkyniego 1<\/span><\/p>\n<p align=\"CENTER\"><span style=\"color: #000000;\">\u201eOSIECKA JAZZOWO\u201d: Krzysztof \u017bes\u0142awski Quartet &amp; Natalia Lubrano <\/span><\/p>\n<p align=\"CENTER\"><span style=\"color: #000000;\">bilety: 50 z\u0142 \u2013 I miejsca, 35 z\u0142 \u2013 II miejsca, 25 z\u0142 \u2013 miejsca stoj\u0105ce<\/span><\/p>\n<p align=\"CENTER\"><span style=\"color: #000000;\">Bilety dost\u0119pne w sieci salon\u00f3w Empik, Saturn i MediaMarkt w ca\u0142ej Polsce<\/span><\/p>\n<p align=\"CENTER\"><span style=\"color: #000000;\">oraz w serwisach: <a href=\"http:\/\/www.staryklasztor.com.pl\/bilety\/\">www.staryklasztor.com.pl\/bilety\/<\/a>, <a href=\"http:\/\/www.biletin.pl\">www.biletin.pl<\/a>, <a href=\"http:\/\/www.ticketpro.pl\">www.ticketpro.pl<\/a>, <a href=\"http:\/\/www.eventim.pl\">www.eventim.pl<\/a> <\/span><\/p>\n<p align=\"CENTER\"><span style=\"color: #000000;\">Uwaga, w okresie wakacyjnym kasa biletowa w klubie Stary Klasztor jest nieczynna!<\/span><\/p>\n","protected":false},"excerpt":{"rendered":"<p>Ethno Jazz Festival zaprasza do Sali Gotyckiej w Starym Klasztorze na koncert promuj\u0105cy wsp\u00f3ln\u0105 p\u0142yt\u0119 Natalii Lubrano z jazzowym kwartetem Krzysztofa \u017bes\u0142awskiego pt. \u201eOsiecka Jazzowo\u201d. Koncert odb\u0119dzie si\u0119 8 pa\u017adziernika w wigili\u0119 81. rocznicy urodzin Agnieszki Osieckiej. OSIECKA-JAZZOWO to muzyczny projekt znanego wroc\u0142awskiego muzyka Krzysztofa \u017bes\u0142awskiego\u00a0wsp\u00f3\u0142pracuj\u0105cego z zespo\u0142ami Tax Free i Wolna Grupa Bukowina, kt\u00f3ry [&hellip;]<\/p>\n","protected":false},"author":1,"featured_media":0,"comment_status":"closed","ping_status":"open","sticky":false,"template":"","format":"standard","meta":{"jetpack_post_was_ever_published":false,"_jetpack_newsletter_access":"","_jetpack_dont_email_post_to_subs":false,"_jetpack_newsletter_tier_id":0,"_jetpack_memberships_contains_paywalled_content":false,"_jetpack_memberships_contains_paid_content":false,"footnotes":"","jetpack_publicize_message":"","jetpack_publicize_feature_enabled":true,"jetpack_social_post_already_shared":true,"jetpack_social_options":{"image_generator_settings":{"template":"highway","default_image_id":0,"enabled":false},"version":2}},"categories":[4],"tags":[],"class_list":["post-10254","post","type-post","status-publish","format-standard","hentry","category-koncerty"],"jetpack_publicize_connections":[],"jetpack_featured_media_url":"","jetpack_sharing_enabled":true,"jetpack_shortlink":"https:\/\/wp.me\/p67auQ-2Fo","_links":{"self":[{"href":"http:\/\/muzykabeztajemnic.info.pl\/index.php?rest_route=\/wp\/v2\/posts\/10254","targetHints":{"allow":["GET"]}}],"collection":[{"href":"http:\/\/muzykabeztajemnic.info.pl\/index.php?rest_route=\/wp\/v2\/posts"}],"about":[{"href":"http:\/\/muzykabeztajemnic.info.pl\/index.php?rest_route=\/wp\/v2\/types\/post"}],"author":[{"embeddable":true,"href":"http:\/\/muzykabeztajemnic.info.pl\/index.php?rest_route=\/wp\/v2\/users\/1"}],"replies":[{"embeddable":true,"href":"http:\/\/muzykabeztajemnic.info.pl\/index.php?rest_route=%2Fwp%2Fv2%2Fcomments&post=10254"}],"version-history":[{"count":0,"href":"http:\/\/muzykabeztajemnic.info.pl\/index.php?rest_route=\/wp\/v2\/posts\/10254\/revisions"}],"wp:attachment":[{"href":"http:\/\/muzykabeztajemnic.info.pl\/index.php?rest_route=%2Fwp%2Fv2%2Fmedia&parent=10254"}],"wp:term":[{"taxonomy":"category","embeddable":true,"href":"http:\/\/muzykabeztajemnic.info.pl\/index.php?rest_route=%2Fwp%2Fv2%2Fcategories&post=10254"},{"taxonomy":"post_tag","embeddable":true,"href":"http:\/\/muzykabeztajemnic.info.pl\/index.php?rest_route=%2Fwp%2Fv2%2Ftags&post=10254"}],"curies":[{"name":"wp","href":"https:\/\/api.w.org\/{rel}","templated":true}]}}