{"id":10251,"date":"2017-08-24T15:34:39","date_gmt":"2017-08-24T15:34:39","guid":{"rendered":"https:\/\/muzykabeztajemnic.info.pl\/?p=10251"},"modified":"2017-08-24T15:34:39","modified_gmt":"2017-08-24T15:34:39","slug":"tribute-leonard-cohen-pierwsza-rocznice-odejscia-mistrza","status":"publish","type":"post","link":"http:\/\/muzykabeztajemnic.info.pl\/?p=10251","title":{"rendered":"Tribute to Leonard Cohen w pierwsz\u0105 rocznic\u0119 odej\u015bcia Mistrza!"},"content":{"rendered":"<p align=\"CENTER\"><strong><span style=\"color: #000000;\">W listopadzie minie rok od \u015bmierci kanadyjskiego barda, poety i pisarza, Leonarda Cohena.<\/span><\/strong><\/p>\n<p align=\"CENTER\"><span style=\"color: #000000;\">6 listopada, w wigili\u0119 pierwszej rocznicy odej\u015bcia Mistrza, Ethno Jazz Festival zaprasza do Sali Gotyckiej w Starym Klasztorze na koncert &#8222;Tribute to Leonard Cohen&#8221;.<\/span><\/p>\n<p align=\"CENTER\"><span style=\"color: #000000;\">Nie\u015bmiertelne przeboje, jak \u201eIn My Secret Life\u201d, \u201eDance Me to the End of Love\u201d, &#8222;Suzanne&#8221;, &#8222;Sisters of Mercy&#8221; oraz mniej znane ballady<i> <\/i>Leonarda Cohena us\u0142yszymy w aran\u017cacjach znakomitej wokalistki Pauliny Lendy i zespo\u0142u w sk\u0142adzie: Robert Jarmu\u017cek \u2013 piano, Marek Pop\u00f3w \u2013 gitara, Andrzej Stagraczy\u0144ski \u2013 bas, \u0141ukasz Kowalczyk \u2013 perkusja.<\/span><\/p>\n<p align=\"CENTER\"><span style=\"color: #000000;\">Paulina Lenda to wokalistka i autorka tekst\u00f3w znana za spraw\u0105 niepowtarzalnej g\u0142\u0119bokiej barwy swojego niskiego g\u0142osu. Pochodzi ze \u015awidnicy. Muzycznie bardzo du\u017co czerpie z akustyki i muzyki folkowej &#8211; w\u015br\u00f3d najwi\u0119kszych inspiracji podaje takich artyst\u00f3w, jak: Damien Rice, Susie Suh, Ray LaMontagne, Noah Gundersen, James Vincent McMorrow, Patti Smith i Leonard Cohen, natomiast za niedo\u015bcigniony \u017cyciowy wz\u00f3r &#8211; Janis Joplin, dzi\u0119ki kt\u00f3rej zakocha\u0142a si\u0119 w psychodelicznej muzyce\/sztuce z lat 70, i przez kt\u00f3r\u0105 chcia\u0142a prowadzi\u0107 hipisowski styl \u017cycia, podr\u00f3\u017cuj\u0105c i bawi\u0105c si\u0119 chwil\u0105. Wychowywa\u0142a si\u0119 jednak, s\u0142uchaj\u0105c czarnej muzyki. Obecnie arty\u015bci, kt\u00f3rzy maj\u0105 du\u017cy wp\u0142yw na jej tw\u00f3rczo\u015b\u0107, to m.in. Tracy Chapman, Lauryn Hill, Lizz Wright, India Arie, Erykah Badu. <\/span><\/p>\n<p align=\"CENTER\"><span style=\"color: #000000;\">W 2008 r. zosta\u0142a odkryta dzi\u0119ki programowi &#8222;Mam Talent&#8221;. W pierwszej polskiej edycji tego telewizyjnego show pojawi\u0142a si\u0119 na scenie z coverem piosenki &#8222;Ready for love&#8221; z repertuaru India Arie. Ten szokuj\u0105cy wyst\u0119p tak dojrza\u0142ej 15. latki w telewizyjnym show pozwoli\u0142 jej na zderzenie si\u0119 z muzycznym rynkiem w Polsce. W 2014 roku Paulina nagra\u0142a swoj\u0105 pierwsz\u0105 p\u0142yt\u0119, zatytu\u0142owan\u0105 &#8222;Wolf Girl&#8221;.<\/span><\/p>\n<p align=\"CENTER\"><span style=\"color: #000000;\">6.11.17 godz.20.00 Sala Gotycka w Starym Klasztorze, ul. <span lang=\"en-US\">Purkyniego 1<\/span><\/span><\/p>\n<p align=\"CENTER\"><span style=\"color: #000000;\"><span lang=\"en-US\">Ethno Jazz Festival<\/span><\/span><\/p>\n<p align=\"CENTER\"><span style=\"color: #000000;\"><span lang=\"en-US\">TRIBUTE TO LEONARD COHEN<\/span><\/span><\/p>\n<p align=\"CENTER\"><span style=\"color: #000000;\">bilety: 40 z\u0142 \u2013 I miejsca, 30 z\u0142 \u2013 II miejsca, 20 z\u0142 \u2013 miejsca stoj\u0105ce<\/span><\/p>\n<p align=\"CENTER\"><span style=\"color: #000000;\">Bilety dost\u0119pne w sieci salon\u00f3w Empik, Saturn i MediaMarkt w ca\u0142ej Polsce<\/span><\/p>\n<p align=\"CENTER\"><span style=\"color: #000000;\">oraz w serwisach: <a href=\"http:\/\/www.staryklasztor.com.pl\/bilety\/\">www.staryklasztor.com.pl\/bilety\/<\/a>, <a href=\"http:\/\/www.biletin.pl\">www.biletin.pl<\/a>, <a href=\"http:\/\/www.ticketpro.pl\">www.ticketpro.pl<\/a>, <a href=\"http:\/\/www.eventim.pl\">www.eventim.pl<\/a> <\/span><\/p>\n<p align=\"CENTER\"><span style=\"color: #000000;\">Uwaga, w okresie wakacyjnym kasa biletowa w klubie Stary Klasztor jest nieczynna!<\/span><\/p>\n","protected":false},"excerpt":{"rendered":"<p>W listopadzie minie rok od \u015bmierci kanadyjskiego barda, poety i pisarza, Leonarda Cohena. 6 listopada, w wigili\u0119 pierwszej rocznicy odej\u015bcia Mistrza, Ethno Jazz Festival zaprasza do Sali Gotyckiej w Starym Klasztorze na koncert &#8222;Tribute to Leonard Cohen&#8221;. Nie\u015bmiertelne przeboje, jak \u201eIn My Secret Life\u201d, \u201eDance Me to the End of Love\u201d, &#8222;Suzanne&#8221;, &#8222;Sisters of Mercy&#8221; [&hellip;]<\/p>\n","protected":false},"author":1,"featured_media":0,"comment_status":"closed","ping_status":"open","sticky":false,"template":"","format":"standard","meta":{"jetpack_post_was_ever_published":false,"_jetpack_newsletter_access":"","_jetpack_dont_email_post_to_subs":false,"_jetpack_newsletter_tier_id":0,"_jetpack_memberships_contains_paywalled_content":false,"_jetpack_memberships_contains_paid_content":false,"footnotes":"","jetpack_publicize_message":"","jetpack_publicize_feature_enabled":true,"jetpack_social_post_already_shared":true,"jetpack_social_options":{"image_generator_settings":{"template":"highway","default_image_id":0,"enabled":false},"version":2}},"categories":[4],"tags":[],"class_list":["post-10251","post","type-post","status-publish","format-standard","hentry","category-koncerty"],"jetpack_publicize_connections":[],"jetpack_featured_media_url":"","jetpack_sharing_enabled":true,"jetpack_shortlink":"https:\/\/wp.me\/p67auQ-2Fl","_links":{"self":[{"href":"http:\/\/muzykabeztajemnic.info.pl\/index.php?rest_route=\/wp\/v2\/posts\/10251","targetHints":{"allow":["GET"]}}],"collection":[{"href":"http:\/\/muzykabeztajemnic.info.pl\/index.php?rest_route=\/wp\/v2\/posts"}],"about":[{"href":"http:\/\/muzykabeztajemnic.info.pl\/index.php?rest_route=\/wp\/v2\/types\/post"}],"author":[{"embeddable":true,"href":"http:\/\/muzykabeztajemnic.info.pl\/index.php?rest_route=\/wp\/v2\/users\/1"}],"replies":[{"embeddable":true,"href":"http:\/\/muzykabeztajemnic.info.pl\/index.php?rest_route=%2Fwp%2Fv2%2Fcomments&post=10251"}],"version-history":[{"count":0,"href":"http:\/\/muzykabeztajemnic.info.pl\/index.php?rest_route=\/wp\/v2\/posts\/10251\/revisions"}],"wp:attachment":[{"href":"http:\/\/muzykabeztajemnic.info.pl\/index.php?rest_route=%2Fwp%2Fv2%2Fmedia&parent=10251"}],"wp:term":[{"taxonomy":"category","embeddable":true,"href":"http:\/\/muzykabeztajemnic.info.pl\/index.php?rest_route=%2Fwp%2Fv2%2Fcategories&post=10251"},{"taxonomy":"post_tag","embeddable":true,"href":"http:\/\/muzykabeztajemnic.info.pl\/index.php?rest_route=%2Fwp%2Fv2%2Ftags&post=10251"}],"curies":[{"name":"wp","href":"https:\/\/api.w.org\/{rel}","templated":true}]}}